{"id":197,"date":"2018-08-11T20:08:08","date_gmt":"2018-08-11T20:08:08","guid":{"rendered":"http:\/\/grenzgaengertour2018.de\/?p=197"},"modified":"2018-12-02T19:13:58","modified_gmt":"2018-12-02T19:13:58","slug":"tag-5-22-07-18-von-sonneberg-nach-eisfeld","status":"publish","type":"post","link":"https:\/\/grenzgaengertour2018.de\/?p=197","title":{"rendered":"Tag 5 (22.07.18): Von Sonneberg nach Eisfeld"},"content":{"rendered":"<div id=\"attachment_206\" style=\"width: 310px\" class=\"wp-caption aligncenter\"><a href=\"https:\/\/grenzgaengertour2018.de\/wp-content\/uploads\/2018\/08\/P1000451.jpg\" target=\"_blank\" rel=\"noopener\"><img loading=\"lazy\" decoding=\"async\" aria-describedby=\"caption-attachment-206\" class=\"wp-image-206 size-medium\" src=\"https:\/\/grenzgaengertour2018.de\/wp-content\/uploads\/2018\/08\/P1000451-300x225.jpg\" alt=\"\" width=\"300\" height=\"225\" srcset=\"https:\/\/grenzgaengertour2018.de\/wp-content\/uploads\/2018\/08\/P1000451-300x225.jpg 300w, https:\/\/grenzgaengertour2018.de\/wp-content\/uploads\/2018\/08\/P1000451.jpg 640w\" sizes=\"(max-width: 300px) 100vw, 300px\" \/><\/a><p id=\"caption-attachment-206\" class=\"wp-caption-text\">Bahnhof Sonneberg: Dors f\u00e4hrt wieder Richtung Heimat<\/p><\/div>\n<p>&nbsp;<\/p>\n<div id=\"attachment_199\" style=\"width: 310px\" class=\"wp-caption aligncenter\"><a href=\"https:\/\/grenzgaengertour2018.de\/wp-content\/uploads\/2018\/08\/P1000456.jpg\" target=\"_blank\" rel=\"noopener\"><img loading=\"lazy\" decoding=\"async\" aria-describedby=\"caption-attachment-199\" class=\"wp-image-199 size-medium\" src=\"https:\/\/grenzgaengertour2018.de\/wp-content\/uploads\/2018\/08\/P1000456-300x225.jpg\" alt=\"\" width=\"300\" height=\"225\" srcset=\"https:\/\/grenzgaengertour2018.de\/wp-content\/uploads\/2018\/08\/P1000456-300x225.jpg 300w, https:\/\/grenzgaengertour2018.de\/wp-content\/uploads\/2018\/08\/P1000456.jpg 640w\" sizes=\"(max-width: 300px) 100vw, 300px\" \/><\/a><p id=\"caption-attachment-199\" class=\"wp-caption-text\">Ehemaliger Grenz\u00fcbergang zwischen Sonneberg und Neustadt bei Coburg<\/p><\/div>\n<div id=\"attachment_200\" style=\"width: 310px\" class=\"wp-caption aligncenter\"><a href=\"https:\/\/grenzgaengertour2018.de\/wp-content\/uploads\/2018\/08\/P1000466.jpg\" target=\"_blank\" rel=\"noopener\"><img loading=\"lazy\" decoding=\"async\" aria-describedby=\"caption-attachment-200\" class=\"wp-image-200 size-medium\" src=\"https:\/\/grenzgaengertour2018.de\/wp-content\/uploads\/2018\/08\/P1000466-300x225.jpg\" alt=\"\" width=\"300\" height=\"225\" srcset=\"https:\/\/grenzgaengertour2018.de\/wp-content\/uploads\/2018\/08\/P1000466-300x225.jpg 300w, https:\/\/grenzgaengertour2018.de\/wp-content\/uploads\/2018\/08\/P1000466.jpg 640w\" sizes=\"(max-width: 300px) 100vw, 300px\" \/><\/a><p id=\"caption-attachment-200\" class=\"wp-caption-text\">Ketschenbach bei Neustadt b. Coburg, Gastst\u00e4tte <em>Kl\u00f6\u00dferei<\/em>: M\u00e4nner holen den Sonntagsbraten<\/p><\/div>\n<p><a href=\"https:\/\/grenzgaengertour2018.de\/wp-content\/uploads\/2018\/07\/WhatsApp-Image-2018-07-22-at-12.41.28.jpeg\" target=\"_blank\" rel=\"noopener\"><img loading=\"lazy\" decoding=\"async\" class=\"aligncenter wp-image-71 size-medium\" src=\"https:\/\/grenzgaengertour2018.de\/wp-content\/uploads\/2018\/07\/WhatsApp-Image-2018-07-22-at-12.41.28-169x300.jpeg\" alt=\"\" width=\"169\" height=\"300\" srcset=\"https:\/\/grenzgaengertour2018.de\/wp-content\/uploads\/2018\/07\/WhatsApp-Image-2018-07-22-at-12.41.28-169x300.jpeg 169w, https:\/\/grenzgaengertour2018.de\/wp-content\/uploads\/2018\/07\/WhatsApp-Image-2018-07-22-at-12.41.28-768x1365.jpeg 768w, https:\/\/grenzgaengertour2018.de\/wp-content\/uploads\/2018\/07\/WhatsApp-Image-2018-07-22-at-12.41.28-576x1024.jpeg 576w, https:\/\/grenzgaengertour2018.de\/wp-content\/uploads\/2018\/07\/WhatsApp-Image-2018-07-22-at-12.41.28.jpeg 900w\" sizes=\"(max-width: 169px) 100vw, 169px\" \/><\/a><\/p>\n<div id=\"attachment_201\" style=\"width: 310px\" class=\"wp-caption aligncenter\"><a href=\"https:\/\/grenzgaengertour2018.de\/wp-content\/uploads\/2018\/08\/P1000474.jpg\" target=\"_blank\" rel=\"noopener\"><img loading=\"lazy\" decoding=\"async\" aria-describedby=\"caption-attachment-201\" class=\"wp-image-201 size-medium\" src=\"https:\/\/grenzgaengertour2018.de\/wp-content\/uploads\/2018\/08\/P1000474-300x225.jpg\" alt=\"\" width=\"300\" height=\"225\" srcset=\"https:\/\/grenzgaengertour2018.de\/wp-content\/uploads\/2018\/08\/P1000474-300x225.jpg 300w, https:\/\/grenzgaengertour2018.de\/wp-content\/uploads\/2018\/08\/P1000474.jpg 640w\" sizes=\"(max-width: 300px) 100vw, 300px\" \/><\/a><p id=\"caption-attachment-201\" class=\"wp-caption-text\">Blick auf den Froschgrundsee mit neuer DB-Trasse Berlin-M\u00fcnchen im Hintergrund<\/p><\/div>\n<div id=\"attachment_203\" style=\"width: 235px\" class=\"wp-caption aligncenter\"><a href=\"https:\/\/grenzgaengertour2018.de\/wp-content\/uploads\/2018\/08\/P1000493-e1534017011688.jpg\" target=\"_blank\" rel=\"noopener\"><img loading=\"lazy\" decoding=\"async\" aria-describedby=\"caption-attachment-203\" class=\"wp-image-203 size-medium\" src=\"https:\/\/grenzgaengertour2018.de\/wp-content\/uploads\/2018\/08\/P1000493-e1534017011688-225x300.jpg\" alt=\"\" width=\"225\" height=\"300\" srcset=\"https:\/\/grenzgaengertour2018.de\/wp-content\/uploads\/2018\/08\/P1000493-e1534017011688-225x300.jpg 225w, https:\/\/grenzgaengertour2018.de\/wp-content\/uploads\/2018\/08\/P1000493-e1534017011688.jpg 480w\" sizes=\"(max-width: 225px) 100vw, 225px\" \/><\/a><p id=\"caption-attachment-203\" class=\"wp-caption-text\">Kolonnenweg bei G\u00f6rsdorf<\/p><\/div>\n<div id=\"attachment_205\" style=\"width: 310px\" class=\"wp-caption aligncenter\"><a href=\"https:\/\/grenzgaengertour2018.de\/wp-content\/uploads\/2018\/08\/P1000500.jpg\" target=\"_blank\" rel=\"noopener\"><img loading=\"lazy\" decoding=\"async\" aria-describedby=\"caption-attachment-205\" class=\"wp-image-205 size-medium\" src=\"https:\/\/grenzgaengertour2018.de\/wp-content\/uploads\/2018\/08\/P1000500-300x225.jpg\" alt=\"\" width=\"300\" height=\"225\" srcset=\"https:\/\/grenzgaengertour2018.de\/wp-content\/uploads\/2018\/08\/P1000500-300x225.jpg 300w, https:\/\/grenzgaengertour2018.de\/wp-content\/uploads\/2018\/08\/P1000500.jpg 640w\" sizes=\"(max-width: 300px) 100vw, 300px\" \/><\/a><p id=\"caption-attachment-205\" class=\"wp-caption-text\">Grenzmauer bei G\u00f6rsdorf<\/p><\/div>\n<p><strong>\u00a0<\/strong><\/p>\n<p><strong>Tag 5 (22.07.18): Von Sonneberg nach Eisfeld\u00a0\u00a0 <\/strong><\/p>\n<p>Km: 184 &#8211; 222<\/p>\n<p>Der Tag f\u00e4ngt mit Regen an, der Himmel weint: Dors will heute wieder Richtung Heimat. Vor der \u2018Sch\u00f6nen Aussicht\u2019 treffen sich die Sonneberger Mittdrei\u00dfiger, eher wohl Mittvierziger, im durchgestylten Fahrrad-Outfit\u2026Wenn die w\u00fcssten.<\/p>\n<p>Nach dem Fr\u00fchst\u00fcck hilft mir Dors noch schnell den Computer bzw. ein paar Programme auf Vordermann zu bringen, damit das ganze Ding schneller l\u00e4uft. Das Zimmer ist \u00fcbers\u00e4t mir Klamotten, die in die beiden Packtaschen und in die Vordertasche passen m\u00fcssen, dazu noch Zelt, Isomatte und Kamera-Stativ. Vollgepackt wie ein Esel.<\/p>\n<p>Schnell noch etwas Geld von der Sparkasse geholt. Im Osten wie im Westen Pal\u00e4ste. Die Kommunen haben es ja\u2026 Dann zum Bahnhof und Dors verabschiedet. Der Himmel weint, leise tropft es auf den Sattel. Eine syrische (?), junge Familie auf dem Bahnhof, also doch, es gibt sie auch hier im Osten, also doch noch keine ausl\u00e4nderfreien Zonen. Im Zug noch ein kurzes Interview mit Dors \u00fcber seine bisherigen Eindr\u00fccke.<\/p>\n<p>Im Regen durch Sonneberg, alles relativ gepflegt, kurz vor der Grenze Richtung Neustadt bei Coburg noch Gespr\u00e4ch mit zwei Arbeitern (sonntags), die an einer Waschanlage Ausbesserungsarbeiten durchf\u00fchren. Sie kommen aus dem Westen und arbeiten im Osten. Wohl kein Einzelfall, wie sich in den n\u00e4chsten Tagen herausstellen sollte. Der Marktkauf l\u00e4sst in einiger Entfernung gr\u00fc\u00dfen: \u201eSubvention Ost\u201c?<\/p>\n<p>In <span style=\"color: #0000ff;\"><a style=\"color: #0000ff;\" href=\"https:\/\/de.wikipedia.org\/wiki\/Neustadt_bei_Coburg\">Neustadt bei Coburg<\/a><\/span> f\u00e4llt mir als erstes der t\u00fcrkische Fu\u00dfballverein auf, die H\u00e4user machen einen nicht so gepflegten Eindruck wie im th\u00fcringischen Sonneberg. Einbildung, Vorurteil? Auf dem Marktplatz ein Gespr\u00e4ch mit einem ca. 55-j\u00e4hrigen Fr\u00fchrentner, der seinen kleinen Hund Gassi f\u00fchrt. \u201eSchauen Sie sich doch mal den Marktplatz hier an! Nichts mehr los hier, alles runtergekommen.\u201c Berichtet von seinen Fahrten in den 70er und 80er Jahren zu den Verwandten in die Sperrzone, Treffen in Sonneberg. Die Stasi h\u00f6rt zu.<\/p>\n<p>Tour de Neustadt, einmal im Kreis gefahren \u2013 das einzig Gute war, dass ich durcch Zufall an der Kultgastst\u00e4tte, die ich schon aus der Literatur kenne, <span style=\"color: #0000ff;\"><a style=\"color: #0000ff;\" href=\"http:\/\/www.linden-hof.com\/gasthauslindenhof\">Kl\u00f6\u00dferei, dem Gasthaus Lindenhof,<\/a><\/span> vorbeikomme. Die M\u00e4nner stehen in Schlangen vor dem Ausgabefenster und holen in ihren Kocht\u00f6pfen den sonnt\u00e4glichen Braten und die Kl\u00f6\u00dfe. Drinnen ist die H\u00f6lle los. Ich bestelle mir eine Riesenportion Sauerbraten. Nat\u00fcrlich mit Kl\u00f6\u00dfen.<\/p>\n<p>Mit vollem Magen geht es weiter: die Karte in <span style=\"color: #0000ff;\"><a style=\"color: #0000ff;\" href=\"https:\/\/verlagshaus24.de\/outdoor\/rad\/radtouren\/radtouren-am-gruenen-band\">Stefan Essers \u201eRadtouren am Gr\u00fcnen Band\u201c<\/a> <\/span>l\u00fcgt nicht. Einmal Neustadt b. Coburg Ortsumgehung. Schlie\u00dflich finde ich mit Hilfe von Einheimischen raus aus dem Gewirr Richtung Eisfeld. Der n\u00e4chste Berg wartet. Wie wird der Akku das heute schaffen?<\/p>\n<p>Am Froschgrundsee ein nettes Ehepaar, fitte Radler im Rentenalter: \u201eNein, E-Bikes brauchen wir noch nicht.\u201c Sie w\u00fcnschen mir eine gute Fahrt. Ein Fahrrad-Haudegen, locker \u00fcber 70, r\u00e4t mir von der Nebenstrecke Richtung Eisfeld ab: \u201ezu viel Berge!\u201c. In Schalkau versuche ich einen Chai in der t\u00fcrkischen Pommesbude zu bekommen. Ayran? Fehlanzeige. Tote Hose in dem Laden, aber nachher kommen doch noch ein paar Jugendliche und holen sich etwas zu essen.<\/p>\n<p>Fahrt nach <span style=\"color: #0000ff;\"><a style=\"color: #0000ff;\" href=\"https:\/\/de.wikipedia.org\/wiki\/G%C3%B6rsdorf_(Schalkau)\">G\u00f6rsdorf<\/a><\/span>, wo wohl noch ein Rest der Grenzanlagen stehen soll. Unterwegs mit einem 30-J\u00e4hrigen \u00fcber E-Bikes gefachsimpelt. Er war mit seinen Eltern schon \u00fcberall in Deutschland, \u00d6sterreich und hat sogar eine Mountainbike-Tour nach Luxemburg gemacht. Die DDR? Nur vom H\u00f6rensagen. Die junge Generation geht anders damit um.<\/p>\n<p>Am Ortseingang von G\u00f6rsdorf noch kurze Diskussion mit Ehepaar meines Alters. &#8222;Wie war das hier an der Grenze im Sperrgebiet?&#8220;m frage ich. &#8222;Alles ok, man hat sich halt daran gew\u00f6hnt. Nur bei Verwandtenbesuchen war es schwierig.&#8220; In Wurfweite war der Westen.<\/p>\n<p>Fotosession an den \u00dcberresten der Mauer. Mein Stativ kommt zum ersten Mal zum Einsatz. In die Mauer haben Leute ein Loch reingeklopft. Symbolik.<\/p>\n<p>\u00dcber Umwegen auf der westdeutschen Seite nach Eisfeld. Oben auf dem Berg befindet sich die G\u00fcSt (Grenz\u00fcbergangsstelle) Rottenbach-Eisfeld. Relativ kaputt frage ich in der gro\u00dfen Tankstelle nach, wo man hier \u00fcbernachten kann. <span style=\"color: #0000ff;\"><a style=\"color: #0000ff;\" href=\"http:\/\/www.waldhotel-in-thueringen.de\/\">Waldhotel Hubertus<\/a> <\/span>\u2013 Gro\u00dfes Hotel: Essen bitte bis 19.30 Uhr bestellen. Tische mit Reserviert-Schildern, wie fr\u00fcher im Osten.<\/p>\n<p>Nach dem Essen (Th\u00fcringer Rostbratw\u00fcrste mit Sauerkraut) mit vollem Magen ins Bett gefallen. Die Schulter schmerzt. Die F\u00fc\u00dfe freuen sich, in die Badelatschen zu kommen. Im Koma von 9 bis kurz nach 11 gelegen. Ist es wohl alles zu viel? Was wird wohl Dors machen?<\/p>\n<p>&nbsp;<\/p>\n","protected":false},"excerpt":{"rendered":"<p>&nbsp; \u00a0 Tag 5 (22.07.18): Von Sonneberg nach Eisfeld\u00a0\u00a0 Km: 184 &#8211; 222 Der Tag f\u00e4ngt mit Regen an, der Himmel weint: Dors will heute wieder Richtung Heimat. Vor der \u2018Sch\u00f6nen Aussicht\u2019 treffen sich die Sonneberger Mittdrei\u00dfiger, eher wohl Mittvierziger, im durchgestylten Fahrrad-Outfit\u2026Wenn die w\u00fcssten. Nach dem Fr\u00fchst\u00fcck hilft mir Dors noch schnell den Computer bzw. ein paar Programme auf<\/p>\n","protected":false},"author":2,"featured_media":0,"comment_status":"closed","ping_status":"closed","sticky":false,"template":"","format":"standard","meta":{"_exactmetrics_skip_tracking":false,"_exactmetrics_sitenote_active":false,"_exactmetrics_sitenote_note":"","_exactmetrics_sitenote_category":0,"footnotes":""},"categories":[1],"tags":[],"_links":{"self":[{"href":"https:\/\/grenzgaengertour2018.de\/index.php?rest_route=\/wp\/v2\/posts\/197"}],"collection":[{"href":"https:\/\/grenzgaengertour2018.de\/index.php?rest_route=\/wp\/v2\/posts"}],"about":[{"href":"https:\/\/grenzgaengertour2018.de\/index.php?rest_route=\/wp\/v2\/types\/post"}],"author":[{"embeddable":true,"href":"https:\/\/grenzgaengertour2018.de\/index.php?rest_route=\/wp\/v2\/users\/2"}],"replies":[{"embeddable":true,"href":"https:\/\/grenzgaengertour2018.de\/index.php?rest_route=%2Fwp%2Fv2%2Fcomments&post=197"}],"version-history":[{"count":7,"href":"https:\/\/grenzgaengertour2018.de\/index.php?rest_route=\/wp\/v2\/posts\/197\/revisions"}],"predecessor-version":[{"id":1433,"href":"https:\/\/grenzgaengertour2018.de\/index.php?rest_route=\/wp\/v2\/posts\/197\/revisions\/1433"}],"wp:attachment":[{"href":"https:\/\/grenzgaengertour2018.de\/index.php?rest_route=%2Fwp%2Fv2%2Fmedia&parent=197"}],"wp:term":[{"taxonomy":"category","embeddable":true,"href":"https:\/\/grenzgaengertour2018.de\/index.php?rest_route=%2Fwp%2Fv2%2Fcategories&post=197"},{"taxonomy":"post_tag","embeddable":true,"href":"https:\/\/grenzgaengertour2018.de\/index.php?rest_route=%2Fwp%2Fv2%2Ftags&post=197"}],"curies":[{"name":"wp","href":"https:\/\/api.w.org\/{rel}","templated":true}]}}