{"id":516,"date":"2018-08-16T07:17:30","date_gmt":"2018-08-16T07:17:30","guid":{"rendered":"http:\/\/grenzgaengertour2018.de\/?p=516"},"modified":"2019-02-25T14:22:37","modified_gmt":"2019-02-25T14:22:37","slug":"tag-19-05-08-18-heilbad-heiligenstadt","status":"publish","type":"post","link":"https:\/\/grenzgaengertour2018.de\/?p=516","title":{"rendered":"Tag 19 (05.08.18):  Heilbad Heiligenstadt"},"content":{"rendered":"<div id=\"attachment_520\" style=\"width: 310px\" class=\"wp-caption aligncenter\"><a href=\"https:\/\/grenzgaengertour2018.de\/wp-content\/uploads\/2018\/08\/P1010347.jpg\" target=\"_blank\" rel=\"noopener\"><img loading=\"lazy\" decoding=\"async\" aria-describedby=\"caption-attachment-520\" class=\"wp-image-520 size-medium\" src=\"https:\/\/grenzgaengertour2018.de\/wp-content\/uploads\/2018\/08\/P1010347-300x169.jpg\" alt=\"\" width=\"300\" height=\"169\" srcset=\"https:\/\/grenzgaengertour2018.de\/wp-content\/uploads\/2018\/08\/P1010347-300x169.jpg 300w, https:\/\/grenzgaengertour2018.de\/wp-content\/uploads\/2018\/08\/P1010347-768x432.jpg 768w, https:\/\/grenzgaengertour2018.de\/wp-content\/uploads\/2018\/08\/P1010347-1024x575.jpg 1024w\" sizes=\"(max-width: 300px) 100vw, 300px\" \/><\/a><p id=\"caption-attachment-520\" class=\"wp-caption-text\">endlich &#8211; es k\u00fchlt mal ein wenig ab: Wolken \u00fcber Heiligenstadt<\/p><\/div>\n<div id=\"attachment_521\" style=\"width: 310px\" class=\"wp-caption aligncenter\"><a href=\"https:\/\/grenzgaengertour2018.de\/wp-content\/uploads\/2018\/08\/P1010350.jpg\" target=\"_blank\" rel=\"noopener\"><img loading=\"lazy\" decoding=\"async\" aria-describedby=\"caption-attachment-521\" class=\"wp-image-521 size-medium\" src=\"https:\/\/grenzgaengertour2018.de\/wp-content\/uploads\/2018\/08\/P1010350-300x169.jpg\" alt=\"\" width=\"300\" height=\"169\" srcset=\"https:\/\/grenzgaengertour2018.de\/wp-content\/uploads\/2018\/08\/P1010350-300x169.jpg 300w, https:\/\/grenzgaengertour2018.de\/wp-content\/uploads\/2018\/08\/P1010350-768x432.jpg 768w, https:\/\/grenzgaengertour2018.de\/wp-content\/uploads\/2018\/08\/P1010350-1024x575.jpg 1024w\" sizes=\"(max-width: 300px) 100vw, 300px\" \/><\/a><p id=\"caption-attachment-521\" class=\"wp-caption-text\">Bank vor dem Bahnhof &#8211; was ist aus dem kleinen Jungen mit Lederhose geworden in all den Jahrzehnten? &#8211; Na ja, so klein und d\u00fcnn wie einst ist er nicht mehr. Was ist sonst aus diesen Jahren \u00fcbrig geblieben?<\/p><\/div>\n<div id=\"attachment_522\" style=\"width: 179px\" class=\"wp-caption aligncenter\"><a href=\"https:\/\/grenzgaengertour2018.de\/wp-content\/uploads\/2018\/08\/P1010352-e1534405036761.jpg\" target=\"_blank\" rel=\"noopener\"><img loading=\"lazy\" decoding=\"async\" aria-describedby=\"caption-attachment-522\" class=\"wp-image-522 size-medium\" src=\"https:\/\/grenzgaengertour2018.de\/wp-content\/uploads\/2018\/08\/P1010352-e1534405036761-169x300.jpg\" alt=\"\" width=\"169\" height=\"300\" srcset=\"https:\/\/grenzgaengertour2018.de\/wp-content\/uploads\/2018\/08\/P1010352-e1534405036761-169x300.jpg 169w, https:\/\/grenzgaengertour2018.de\/wp-content\/uploads\/2018\/08\/P1010352-e1534405036761-768x1367.jpg 768w, https:\/\/grenzgaengertour2018.de\/wp-content\/uploads\/2018\/08\/P1010352-e1534405036761-575x1024.jpg 575w\" sizes=\"(max-width: 169px) 100vw, 169px\" \/><\/a><p id=\"caption-attachment-522\" class=\"wp-caption-text\">Steingraben 12: hier habe ich oft meine Tante Paula Meyer besucht. 9 Geschwister &#8211; alles M\u00e4dchen. Auf dem Bahnhof hie\u00df es nur: &#8222;Schulklassen hinten einsteigen!&#8220;<\/p><\/div>\n<div id=\"attachment_533\" style=\"width: 310px\" class=\"wp-caption aligncenter\"><a href=\"https:\/\/grenzgaengertour2018.de\/wp-content\/uploads\/2018\/08\/P1010363.jpg\" target=\"_blank\" rel=\"noopener\"><img loading=\"lazy\" decoding=\"async\" aria-describedby=\"caption-attachment-533\" class=\"wp-image-533 size-medium\" src=\"https:\/\/grenzgaengertour2018.de\/wp-content\/uploads\/2018\/08\/P1010363-300x169.jpg\" alt=\"\" width=\"300\" height=\"169\" srcset=\"https:\/\/grenzgaengertour2018.de\/wp-content\/uploads\/2018\/08\/P1010363-300x169.jpg 300w, https:\/\/grenzgaengertour2018.de\/wp-content\/uploads\/2018\/08\/P1010363-768x432.jpg 768w, https:\/\/grenzgaengertour2018.de\/wp-content\/uploads\/2018\/08\/P1010363-1024x575.jpg 1024w\" sizes=\"(max-width: 300px) 100vw, 300px\" \/><\/a><p id=\"caption-attachment-533\" class=\"wp-caption-text\">Die evangelische Kirche auf dem Berg. Daneben das Nonnenkloster.<\/p><\/div>\n<div id=\"attachment_523\" style=\"width: 310px\" class=\"wp-caption aligncenter\"><a href=\"https:\/\/grenzgaengertour2018.de\/wp-content\/uploads\/2018\/08\/P1010364.jpg\" target=\"_blank\" rel=\"noopener\"><img loading=\"lazy\" decoding=\"async\" aria-describedby=\"caption-attachment-523\" class=\"wp-image-523 size-medium\" src=\"https:\/\/grenzgaengertour2018.de\/wp-content\/uploads\/2018\/08\/P1010364-300x169.jpg\" alt=\"\" width=\"300\" height=\"169\" srcset=\"https:\/\/grenzgaengertour2018.de\/wp-content\/uploads\/2018\/08\/P1010364-300x169.jpg 300w, https:\/\/grenzgaengertour2018.de\/wp-content\/uploads\/2018\/08\/P1010364-768x432.jpg 768w, https:\/\/grenzgaengertour2018.de\/wp-content\/uploads\/2018\/08\/P1010364-1024x575.jpg 1024w\" sizes=\"(max-width: 300px) 100vw, 300px\" \/><\/a><p id=\"caption-attachment-523\" class=\"wp-caption-text\">Wilhelmstra\u00dfe am Sonntagnachmittag<\/p><\/div>\n<div id=\"attachment_526\" style=\"width: 310px\" class=\"wp-caption aligncenter\"><a href=\"https:\/\/grenzgaengertour2018.de\/wp-content\/uploads\/2018\/08\/P1010366.jpg\" target=\"_blank\" rel=\"noopener\"><img loading=\"lazy\" decoding=\"async\" aria-describedby=\"caption-attachment-526\" class=\"wp-image-526 size-medium\" src=\"https:\/\/grenzgaengertour2018.de\/wp-content\/uploads\/2018\/08\/P1010366-300x169.jpg\" alt=\"\" width=\"300\" height=\"169\" srcset=\"https:\/\/grenzgaengertour2018.de\/wp-content\/uploads\/2018\/08\/P1010366-300x169.jpg 300w, https:\/\/grenzgaengertour2018.de\/wp-content\/uploads\/2018\/08\/P1010366-768x432.jpg 768w, https:\/\/grenzgaengertour2018.de\/wp-content\/uploads\/2018\/08\/P1010366-1024x575.jpg 1024w\" sizes=\"(max-width: 300px) 100vw, 300px\" \/><\/a><p id=\"caption-attachment-526\" class=\"wp-caption-text\">Iberghaus: Blick auf Heiligenstadt. Vom Holzweg sind wir oft durch den Wald dorthin gewandert und eingekehrt.<\/p><\/div>\n<p><strong>Tag 19 (<\/strong><strong>05.08.18):\u00a0 Heilbad Heiligenstadt \u00a0\u00a0\u00a0\u00a0\u00a0\u00a0\u00a0\u00a0\u00a0\u00a0\u00a0\u00a0\u00a0\u00a0\u00a0\u00a0\u00a0\u00a0\u00a0\u00a0\u00a0\u00a0\u00a0\u00a0\u00a0\u00a0\u00a0\u00a0\u00a0\u00a0\u00a0\u00a0\u00a0\u00a0\u00a0\u00a0\u00a0\u00a0\u00a0\u00a0\u00a0\u00a0\u00a0\u00a0\u00a0\u00a0\u00a0\u00a0\u00a0\u00a0\u00a0\u00a0\u00a0\u00a0\u00a0 <\/strong><\/p>\n<p>Km: 630 &#8211; 652<\/p>\n<p>Nach dem Fr\u00fchst\u00fcck f\u00e4hrt Ellen wieder in den Schwarzwald zur\u00fcck, nicht ohne dass wir auf dem Bahnhofsvorplatz noch ein Erinnerungsfoto gemacht haben. Ellen fotografiert mich sitzend auf genau derselben Bank, auf der es im Sommer 1958, also zwei Jahre nach der DDR-Flucht meines Vaters mit mir, das letzte gemeinsame Familienfoto gegeben hat. Die vier Kinder in der Mitte, drei davon einheitlich gekleidet, sowie Vater und Mutter jeweils an den Au\u00dfenr\u00e4ndern. Dies sollte der letzte Versuch der Familienzusammenf\u00fchrung sein &#8230; Die Trennung von meiner Mutter war bitter, aber letzten Endes bedeutete sie doch einen gewissen inneren Frieden, der angesichts der permanenten Eheauseinandersetzungen in den ersten Jahren meiner Kindheit nicht vorhanden war &#8230;<\/p>\n<p>Nachdem ich Ellen im Zug nach Kassel hinterher gewunken hatte, habe ich erstmal versucht, eine preiswertere Unterkunft in Heiligenstadt und Umgebung zu finden. Mehrere telefonische Anfragen bei Hotels und Gastst\u00e4tten waren erfolglos, weshalb ich zun\u00e4chst etwas entt\u00e4uscht in die Stadt fuhr und schlie\u00dflich einem Schild mit dem Hinweis auf eine \u00dcbernachtungsm\u00f6glichkeit folgte. MCH war dort zu lesen, als Abk\u00fcrzung f\u00fcr <span style=\"color: #0000ff;\"><a style=\"color: #0000ff;\" href=\"https:\/\/www.mch-heiligenstadt.de\/\">Marcel-Callo-Haus.\u00a0<\/a><\/span><\/p>\n<p>Ich staunte nicht schlecht, als ich <em>Unter den Linden<\/em>, eigentlich m\u00fcsste es <em>Lindenallee <\/em>hei\u00dfen, vor dem ehemaligen bisch\u00f6flichen Konvikt stehe, einer Ausbildungseinrichtung f\u00fcr den Priesternachwuchs. Mittlerweile wird es als Familien- und Jugendbegegnungsst\u00e4tte genutzt. Nachmittags kurz vor zwei ist die T\u00fcr verschlossen. Ich z\u00f6gere, entschlie\u00dfe mich dann aber doch zu klingeln. Mehr als eine Absage kann es auch nicht geben, wenn \u00fcberhaupt jemand da ist! Doch die T\u00fcr \u00f6ffnet sich und eine etwas irritierte, zun\u00e4chst unschl\u00fcssige Frau h\u00f6rt sich meine Geschichte an: in Heiligenstadt geboren und jetzt auf der Durchreise&#8230; Irgendwie muss ich wohl einen hilfsbed\u00fcrftigen, aber doch noch halbwegs seri\u00f6sen Eindruck gemacht haben. Ich darf jedenfalls mein Gep\u00e4ck dort lassen und soll zwischen f\u00fcnf und sechs wiederkommen. Ein Zimmer sei vorhanden.<\/p>\n<p>Ohne Gep\u00e4ck geht es steil zum <span style=\"color: #0000ff;\"><a style=\"color: #0000ff;\" href=\"https:\/\/de.wikipedia.org\/wiki\/Iberg_(Heiligenstadt)\">Iberg<\/a><\/span>-Gasthaus hoch. Ich habe die Gelegenheit, mit Herrn M. und seinem Vater zu sprechen, der mich noch von fr\u00fcher kennt und der mit seinem Sohn zusammen die Gastwirtschaft in der vierten Generation f\u00fchrt. Diese fr\u00fcher sehr beliebte Ausflugsgastst\u00e4tte \u00fcber der Stadt bietet einen herrlichen Ausblick auf Heiligenstadt. Wir sprechen \u00fcber das Schicksal meines erschossenen Gro\u00dfvaters, auch \u00fcber meinen Vater und meine Tante Rosemarie, die auch oft zu Gast war. Schlie\u00dflich treffe ich noch einen \u00fcber 80-j\u00e4hrigen Heiligenst\u00e4dter, der zu DDR-Zeiten seinen Angaben zufolge immer Kontra gegeben, ansonsten aber seine Gesch\u00e4fte gemacht hat.<\/p>\n<p>Abends sitze ich nach dem gemeinsamen Abendessen mit der aus Jena angereisten katholischen Kinder- und Jugendgruppe &#8211; beim Beten und anschlie\u00dfendem Kreuzzeichen werde ich ein wenig argw\u00f6hnisch be\u00e4ugt! &#8211; unter der herrlichen Linde im Innenhof des Konvikts und versuche meinen R\u00fcckstand im Tagebuchschreiben aufzuholen. Ich komme mit M., einem p\u00e4dagogischen Mitarbeiter des Hauses, der erst seit kurzem hier im katholischen Eichsfeld ist, ins Gespr\u00e4ch. Urspr\u00fcnglich kommt er vom Niederrhein, hat aber lange Zeit in Zwickau gelebt. Man merkt ihm an, dass er Theologie studiert hat und wir sind sehr schnell in ein sehr pers\u00f6nliches Gespr\u00e4ch \u00fcber Gott und die Welt, das Transzendentale, aber auch \u00fcber verschiedene Stationen in unserem Leben vertieft. Es entwickelt sich ein sehr pers\u00f6nliches Gespr\u00e4ch, das in den n\u00e4chsten Tagen noch nachwirkt. Meine lebensgeschichtliche Reise, der Versuch nach sieben Jahrzehnten eine vorl\u00e4ufige Bilanz zu ziehen, ist dabei der Ausgangs- und Ankn\u00fcpfungspunkt.<\/p>\n","protected":false},"excerpt":{"rendered":"<p>Tag 19 (05.08.18):\u00a0 Heilbad Heiligenstadt \u00a0\u00a0\u00a0\u00a0\u00a0\u00a0\u00a0\u00a0\u00a0\u00a0\u00a0\u00a0\u00a0\u00a0\u00a0\u00a0\u00a0\u00a0\u00a0\u00a0\u00a0\u00a0\u00a0\u00a0\u00a0\u00a0\u00a0\u00a0\u00a0\u00a0\u00a0\u00a0\u00a0\u00a0\u00a0\u00a0\u00a0\u00a0\u00a0\u00a0\u00a0\u00a0\u00a0\u00a0\u00a0\u00a0\u00a0\u00a0\u00a0\u00a0\u00a0\u00a0\u00a0\u00a0\u00a0 Km: 630 &#8211; 652 Nach dem Fr\u00fchst\u00fcck f\u00e4hrt Ellen wieder in den Schwarzwald zur\u00fcck, nicht ohne dass wir auf dem Bahnhofsvorplatz noch ein Erinnerungsfoto gemacht haben. Ellen fotografiert mich sitzend auf genau derselben Bank, auf der es im Sommer 1958, also zwei Jahre nach der DDR-Flucht meines Vaters mit mir, das letzte gemeinsame Familienfoto<\/p>\n","protected":false},"author":2,"featured_media":0,"comment_status":"closed","ping_status":"closed","sticky":false,"template":"","format":"standard","meta":{"_exactmetrics_skip_tracking":false,"_exactmetrics_sitenote_active":false,"_exactmetrics_sitenote_note":"","_exactmetrics_sitenote_category":0,"footnotes":""},"categories":[1],"tags":[],"_links":{"self":[{"href":"https:\/\/grenzgaengertour2018.de\/index.php?rest_route=\/wp\/v2\/posts\/516"}],"collection":[{"href":"https:\/\/grenzgaengertour2018.de\/index.php?rest_route=\/wp\/v2\/posts"}],"about":[{"href":"https:\/\/grenzgaengertour2018.de\/index.php?rest_route=\/wp\/v2\/types\/post"}],"author":[{"embeddable":true,"href":"https:\/\/grenzgaengertour2018.de\/index.php?rest_route=\/wp\/v2\/users\/2"}],"replies":[{"embeddable":true,"href":"https:\/\/grenzgaengertour2018.de\/index.php?rest_route=%2Fwp%2Fv2%2Fcomments&post=516"}],"version-history":[{"count":13,"href":"https:\/\/grenzgaengertour2018.de\/index.php?rest_route=\/wp\/v2\/posts\/516\/revisions"}],"predecessor-version":[{"id":1670,"href":"https:\/\/grenzgaengertour2018.de\/index.php?rest_route=\/wp\/v2\/posts\/516\/revisions\/1670"}],"wp:attachment":[{"href":"https:\/\/grenzgaengertour2018.de\/index.php?rest_route=%2Fwp%2Fv2%2Fmedia&parent=516"}],"wp:term":[{"taxonomy":"category","embeddable":true,"href":"https:\/\/grenzgaengertour2018.de\/index.php?rest_route=%2Fwp%2Fv2%2Fcategories&post=516"},{"taxonomy":"post_tag","embeddable":true,"href":"https:\/\/grenzgaengertour2018.de\/index.php?rest_route=%2Fwp%2Fv2%2Ftags&post=516"}],"curies":[{"name":"wp","href":"https:\/\/api.w.org\/{rel}","templated":true}]}}