{"id":584,"date":"2018-08-18T19:50:11","date_gmt":"2018-08-18T19:50:11","guid":{"rendered":"http:\/\/grenzgaengertour2018.de\/?p=584"},"modified":"2019-03-10T22:32:50","modified_gmt":"2019-03-10T22:32:50","slug":"tag-23-09-08-18-von-heilbad-heiligenstadt-nach-sickenrode","status":"publish","type":"post","link":"https:\/\/grenzgaengertour2018.de\/?p=584","title":{"rendered":"Tag 23 (09.08.18): Von Heilbad Heiligenstadt nach Sickenberg"},"content":{"rendered":"<div id=\"attachment_588\" style=\"width: 310px\" class=\"wp-caption aligncenter\"><a href=\"https:\/\/grenzgaengertour2018.de\/wp-content\/uploads\/2018\/08\/P1010446.jpg\" target=\"_blank\" rel=\"noopener\"><img loading=\"lazy\" decoding=\"async\" aria-describedby=\"caption-attachment-588\" class=\"wp-image-588 size-medium\" src=\"https:\/\/grenzgaengertour2018.de\/wp-content\/uploads\/2018\/08\/P1010446-300x225.jpg\" alt=\"\" width=\"300\" height=\"225\" srcset=\"https:\/\/grenzgaengertour2018.de\/wp-content\/uploads\/2018\/08\/P1010446-300x225.jpg 300w, https:\/\/grenzgaengertour2018.de\/wp-content\/uploads\/2018\/08\/P1010446-768x576.jpg 768w, https:\/\/grenzgaengertour2018.de\/wp-content\/uploads\/2018\/08\/P1010446-1024x768.jpg 1024w, https:\/\/grenzgaengertour2018.de\/wp-content\/uploads\/2018\/08\/P1010446.jpg 2048w\" sizes=\"(max-width: 300px) 100vw, 300px\" \/><\/a><p id=\"caption-attachment-588\" class=\"wp-caption-text\">Treffen mit einem ehemaligem Schulkameraden meines Vaters und meinem Cousin Ernst-Georg<\/p><\/div>\n<div id=\"attachment_589\" style=\"width: 235px\" class=\"wp-caption aligncenter\"><a href=\"https:\/\/grenzgaengertour2018.de\/wp-content\/uploads\/2018\/08\/P1010452-e1534622671223.jpg\" target=\"_blank\" rel=\"noopener\"><img loading=\"lazy\" decoding=\"async\" aria-describedby=\"caption-attachment-589\" class=\"wp-image-589 size-medium\" src=\"https:\/\/grenzgaengertour2018.de\/wp-content\/uploads\/2018\/08\/P1010452-e1534622671223-225x300.jpg\" alt=\"\" width=\"225\" height=\"300\" srcset=\"https:\/\/grenzgaengertour2018.de\/wp-content\/uploads\/2018\/08\/P1010452-e1534622671223-225x300.jpg 225w, https:\/\/grenzgaengertour2018.de\/wp-content\/uploads\/2018\/08\/P1010452-e1534622671223-768x1024.jpg 768w, https:\/\/grenzgaengertour2018.de\/wp-content\/uploads\/2018\/08\/P1010452-e1534622671223.jpg 1536w\" sizes=\"(max-width: 225px) 100vw, 225px\" \/><\/a><p id=\"caption-attachment-589\" class=\"wp-caption-text\">Grenzmuseum Schifflersgrund bei Sickerode-Asbach<\/p><\/div>\n<div id=\"attachment_590\" style=\"width: 235px\" class=\"wp-caption aligncenter\"><a href=\"https:\/\/grenzgaengertour2018.de\/wp-content\/uploads\/2018\/08\/P1010455-e1534622941758.jpg\" target=\"_blank\" rel=\"noopener\"><img loading=\"lazy\" decoding=\"async\" aria-describedby=\"caption-attachment-590\" class=\"wp-image-590 size-medium\" src=\"https:\/\/grenzgaengertour2018.de\/wp-content\/uploads\/2018\/08\/P1010455-e1534622941758-225x300.jpg\" alt=\"\" width=\"225\" height=\"300\" srcset=\"https:\/\/grenzgaengertour2018.de\/wp-content\/uploads\/2018\/08\/P1010455-e1534622941758-225x300.jpg 225w, https:\/\/grenzgaengertour2018.de\/wp-content\/uploads\/2018\/08\/P1010455-e1534622941758-768x1024.jpg 768w, https:\/\/grenzgaengertour2018.de\/wp-content\/uploads\/2018\/08\/P1010455-e1534622941758.jpg 1536w\" sizes=\"(max-width: 225px) 100vw, 225px\" \/><\/a><p id=\"caption-attachment-590\" class=\"wp-caption-text\">Blick auf DDR-Grenzpfahl und Beobachtungsturm (Schifflersgrund)<\/p><\/div>\n<div id=\"attachment_591\" style=\"width: 310px\" class=\"wp-caption aligncenter\"><a href=\"https:\/\/grenzgaengertour2018.de\/wp-content\/uploads\/2018\/08\/P1010448.jpg\" target=\"_blank\" rel=\"noopener\"><img loading=\"lazy\" decoding=\"async\" aria-describedby=\"caption-attachment-591\" class=\"wp-image-591 size-medium\" src=\"https:\/\/grenzgaengertour2018.de\/wp-content\/uploads\/2018\/08\/P1010448-300x225.jpg\" alt=\"\" width=\"300\" height=\"225\" srcset=\"https:\/\/grenzgaengertour2018.de\/wp-content\/uploads\/2018\/08\/P1010448-300x225.jpg 300w, https:\/\/grenzgaengertour2018.de\/wp-content\/uploads\/2018\/08\/P1010448-768x576.jpg 768w, https:\/\/grenzgaengertour2018.de\/wp-content\/uploads\/2018\/08\/P1010448-1024x768.jpg 1024w, https:\/\/grenzgaengertour2018.de\/wp-content\/uploads\/2018\/08\/P1010448.jpg 2048w\" sizes=\"(max-width: 300px) 100vw, 300px\" \/><\/a><p id=\"caption-attachment-591\" class=\"wp-caption-text\">Allerlei Milit\u00e4rger\u00e4t ist zu sehen, daneben aber auch alltagsgeschichtliche Dokumente in der Ausstellung<\/p><\/div>\n<div id=\"attachment_592\" style=\"width: 310px\" class=\"wp-caption aligncenter\"><a href=\"https:\/\/grenzgaengertour2018.de\/wp-content\/uploads\/2018\/08\/P1010495.jpg\" target=\"_blank\" rel=\"noopener\"><img loading=\"lazy\" decoding=\"async\" aria-describedby=\"caption-attachment-592\" class=\"wp-image-592 size-medium\" src=\"https:\/\/grenzgaengertour2018.de\/wp-content\/uploads\/2018\/08\/P1010495-300x225.jpg\" alt=\"\" width=\"300\" height=\"225\" srcset=\"https:\/\/grenzgaengertour2018.de\/wp-content\/uploads\/2018\/08\/P1010495-300x225.jpg 300w, https:\/\/grenzgaengertour2018.de\/wp-content\/uploads\/2018\/08\/P1010495-768x576.jpg 768w, https:\/\/grenzgaengertour2018.de\/wp-content\/uploads\/2018\/08\/P1010495-1024x768.jpg 1024w, https:\/\/grenzgaengertour2018.de\/wp-content\/uploads\/2018\/08\/P1010495.jpg 2048w\" sizes=\"(max-width: 300px) 100vw, 300px\" \/><\/a><p id=\"caption-attachment-592\" class=\"wp-caption-text\">Stelen in der N\u00e4he des Grenzmuseums<\/p><\/div>\n<p><strong>Tag 23 (09.08.18): Von Heiligenstadt nach Sickenberg<br \/>\n<\/strong><\/p>\n<p>KM: 719 \u2013 732<\/p>\n<p>Heute hat meine Tochter Theresa Geburtstag. Sie wird 29 Jahre alt. Manchmal denke ich, es war vorgestern, als sie geboren wurde, morgens kurz vor vier. Zum Gl\u00fcck habe ich es noch rechtzeitig geschafft, ihr eine Geburtstagskarte mit einem Gutschein zu schicken. Ich rufe sie auf dem Weg zur Arbeit an und wir verabreden, nach meiner R\u00fcckkehr gemeinsam auf ihren Geburtstag anzusto\u00dfen.<\/p>\n<p>Bevor ich mich auf den Weg nach Uder, diesmal aber mit dem gesamten Gep\u00e4ck, mache, gehe ich noch kurz im Eichsfelder Heimatmuseum vorbei, um dem jungen, engagierten Leiter, der mir vor einigen Monaten wertvolle Tipps in Bezug auf die Recherche zum Todesfall meines Gro\u00dfvaters gegeben hatte, sch\u00f6ne Gr\u00fc\u00dfe ausrichten zu lassen.<\/p>\n<p>In Uder treffe ich meinen Cousin Ernst-Georg wieder, der mir das von seiner Frau und Tochter errichtete neue <span style=\"color: #0000ff;\"><a style=\"color: #0000ff;\" href=\"https:\/\/www.curamus-pflege.de\/startseite.html\">Alten- und Pflegeheim<\/a> <\/span>zeigt. Ich bin ob des modernen Standards und der sch\u00f6nen Einrichtung beeindruckt. Ein Beispiel, dass zwischen Ost und West in vielen Dingen keine Unterschiede mehr bestehen. Dort treffe ich kurz mit einem ehemaligen Schulkameraden meines Vaters und einer \u00e4lteren Frau aus R\u00f6hrig zusammen, die meine Eltern und mich wohl noch kannte, aber angesichts ihrer fortgeschrittenen Demenz kommt leider kein richtiges Gespr\u00e4ch zustande. Es ist ein weiterer Hinweis darauf, dass man in diesem (meinem) Alter wichtige Dinge besser nicht mehr vor sich herschieben sollte.<\/p>\n<p>Bergauf \u00fcber <span style=\"color: #0000ff;\"><a style=\"color: #0000ff;\" href=\"http:\/\/www.gemeinde-wuestheuterode.de\/\">W\u00fcstheuterode<\/a> <\/span>\u2013 ein Gl\u00fcck, dass ich ein E-Bike habe! \u2013 und Dietzenrode fahre ich in Richtung des Grenzmuseums Schifflersgrund bei <span style=\"color: #0000ff;\"><a style=\"color: #0000ff;\" href=\"https:\/\/de.wikipedia.org\/wiki\/Asbach-Sickenberg\">Sickenberg<\/a><\/span>. Oben in Sickenberg angekommen, sticht mir ein gro\u00dfes, stattliches Geh\u00f6ft ins Auge. Ein Bio-Bauernhof, der auch Zimmmer anbietet (<span style=\"color: #0000ff;\"><a style=\"color: #0000ff;\" href=\"http:\/\/www.hof-sickenberg.de\">www.hof-sickenberg.de<\/a>)<\/span>. Es ist kurz nach eins, ich bin kaum 15 Km gefahren, aber instinktiv sehne ich mich nach Ruhe. Unangemeldet frage ich die etwas erstaunte Hofbesitzerin, ob heute eine \u00dcbernachtung m\u00f6glich sei. Ich lade mein Gep\u00e4ck ab und f\u00fchle mich im Haus in meine Kindheit versetzt: Ein liebevoll renoviertes Fachwerkhaus, zu Beginn des 19. Jahrhunderts als zentraler Mittelpunkt eines Viereckgeh\u00f6fts errichtet, verspr\u00fcht den Charme der F\u00fcnfziger und Sechziger Jahre meiner Eichsfelder Kindheit.<\/p>\n<p>Nach einer erholsamen Mittagspause fahre ich die kurze Strecke zum <a href=\"https:\/\/www.grenzmuseum.de\/\"><span style=\"color: #0000ff;\">Grenzmuseum Schifflersgrund<\/span><\/a>, wo ich an der Kasse eine nette junge Frau treffe \u2013 sp\u00e4ter erz\u00e4hlt sie mir, dass sie drei Jahre in Herford gewohnt habe. Sie bringt mich ins Archiv. Dort diskutiere ich mit einem Mann, der etwa Ende drei\u00dfig ist, die Situation an der ehemaligen deutsch-deutschen Grenze und die unterschiedlichen Mentalit\u00e4ten, die er Anfang der 00er-Jahre in der Bundeswehr erlebt hat. Er hat ein sehr profundes Wissen, was die Geschichte der Bundesrepublik bis zum Fall der Mauer im Jahre 1989 angeht. Es macht Spa\u00df, mit ihm zu diskutieren, auch wenn ich nicht all seine politischen und historischen Einsch\u00e4tzungen teile.<\/p>\n<p>Abends im Hof Sickenberg, der als musterg\u00fcltiger Betrieb vom Land Th\u00fcringen ausgezeichnet wurde, treffe ich noch einen Wanderer aus S\u00fcddeutschland, der zu Fu\u00df, meistens entlang des Kolonnenweges, dem Gr\u00fcnen Band folgt. Er berichtet von seinen Alpen\u00fcberquerungen zu Fu\u00df und ist sehr hilfsbereit bei der Herstellung eines Internetzugangs.<\/p>\n<p>Die vielen Obstb\u00e4ume und \u2013str\u00e4ucher, der gro\u00dfe Baum, unter dem man herrlich sitzen kann, strahlen eine Ruhe sondergleichen aus. Und &#8230; es hat sich endlich mal abgek\u00fchlt! Die Nacht verbringe ich bei ge\u00f6ffneten Fenstern in einem tiefen Schlaf. Erholung pur!<\/p>\n","protected":false},"excerpt":{"rendered":"<p>Tag 23 (09.08.18): Von Heiligenstadt nach Sickenberg KM: 719 \u2013 732 Heute hat meine Tochter Theresa Geburtstag. Sie wird 29 Jahre alt. Manchmal denke ich, es war vorgestern, als sie geboren wurde, morgens kurz vor vier. Zum Gl\u00fcck habe ich es noch rechtzeitig geschafft, ihr eine Geburtstagskarte mit einem Gutschein zu schicken. Ich rufe sie auf dem Weg zur Arbeit<\/p>\n","protected":false},"author":2,"featured_media":0,"comment_status":"closed","ping_status":"closed","sticky":false,"template":"","format":"standard","meta":{"_exactmetrics_skip_tracking":false,"_exactmetrics_sitenote_active":false,"_exactmetrics_sitenote_note":"","_exactmetrics_sitenote_category":0,"footnotes":""},"categories":[1],"tags":[],"_links":{"self":[{"href":"https:\/\/grenzgaengertour2018.de\/index.php?rest_route=\/wp\/v2\/posts\/584"}],"collection":[{"href":"https:\/\/grenzgaengertour2018.de\/index.php?rest_route=\/wp\/v2\/posts"}],"about":[{"href":"https:\/\/grenzgaengertour2018.de\/index.php?rest_route=\/wp\/v2\/types\/post"}],"author":[{"embeddable":true,"href":"https:\/\/grenzgaengertour2018.de\/index.php?rest_route=\/wp\/v2\/users\/2"}],"replies":[{"embeddable":true,"href":"https:\/\/grenzgaengertour2018.de\/index.php?rest_route=%2Fwp%2Fv2%2Fcomments&post=584"}],"version-history":[{"count":17,"href":"https:\/\/grenzgaengertour2018.de\/index.php?rest_route=\/wp\/v2\/posts\/584\/revisions"}],"predecessor-version":[{"id":1681,"href":"https:\/\/grenzgaengertour2018.de\/index.php?rest_route=\/wp\/v2\/posts\/584\/revisions\/1681"}],"wp:attachment":[{"href":"https:\/\/grenzgaengertour2018.de\/index.php?rest_route=%2Fwp%2Fv2%2Fmedia&parent=584"}],"wp:term":[{"taxonomy":"category","embeddable":true,"href":"https:\/\/grenzgaengertour2018.de\/index.php?rest_route=%2Fwp%2Fv2%2Fcategories&post=584"},{"taxonomy":"post_tag","embeddable":true,"href":"https:\/\/grenzgaengertour2018.de\/index.php?rest_route=%2Fwp%2Fv2%2Ftags&post=584"}],"curies":[{"name":"wp","href":"https:\/\/api.w.org\/{rel}","templated":true}]}}