{"id":871,"date":"2018-09-08T08:22:09","date_gmt":"2018-09-08T08:22:09","guid":{"rendered":"http:\/\/grenzgaengertour2018.de\/?p=871"},"modified":"2018-12-26T21:40:32","modified_gmt":"2018-12-26T21:40:32","slug":"tag-37-23-08-18-von-salzwedel-nach-binde-ahrensdorf","status":"publish","type":"post","link":"https:\/\/grenzgaengertour2018.de\/?p=871","title":{"rendered":"Tag 37 (23.08.18):  Von Salzwedel durchs Wendland nach Binde \/ Arendsee"},"content":{"rendered":"<div id=\"attachment_876\" style=\"width: 179px\" class=\"wp-caption aligncenter\"><a href=\"https:\/\/grenzgaengertour2018.de\/wp-content\/uploads\/2018\/09\/P1020474-e1536395099103.jpg\" target=\"_blank\" rel=\"noopener\"><img loading=\"lazy\" decoding=\"async\" aria-describedby=\"caption-attachment-876\" class=\"wp-image-876 size-medium\" src=\"https:\/\/grenzgaengertour2018.de\/wp-content\/uploads\/2018\/09\/P1020474-e1536395099103-169x300.jpg\" alt=\"\" width=\"169\" height=\"300\" srcset=\"https:\/\/grenzgaengertour2018.de\/wp-content\/uploads\/2018\/09\/P1020474-e1536395099103-169x300.jpg 169w, https:\/\/grenzgaengertour2018.de\/wp-content\/uploads\/2018\/09\/P1020474-e1536395099103-768x1367.jpg 768w, https:\/\/grenzgaengertour2018.de\/wp-content\/uploads\/2018\/09\/P1020474-e1536395099103-575x1024.jpg 575w\" sizes=\"(max-width: 169px) 100vw, 169px\" \/><\/a><p id=\"caption-attachment-876\" class=\"wp-caption-text\">Schattenspendende Alleen: alte Landstra\u00dfe nach Salzwedel<\/p><\/div>\n<div id=\"attachment_878\" style=\"width: 179px\" class=\"wp-caption aligncenter\"><a href=\"https:\/\/grenzgaengertour2018.de\/wp-content\/uploads\/2018\/09\/P1020483-e1536395245897.jpg\" target=\"_blank\" rel=\"noopener\"><img loading=\"lazy\" decoding=\"async\" aria-describedby=\"caption-attachment-878\" class=\"wp-image-878 size-medium\" src=\"https:\/\/grenzgaengertour2018.de\/wp-content\/uploads\/2018\/09\/P1020483-e1536395245897-169x300.jpg\" alt=\"\" width=\"169\" height=\"300\" srcset=\"https:\/\/grenzgaengertour2018.de\/wp-content\/uploads\/2018\/09\/P1020483-e1536395245897-169x300.jpg 169w, https:\/\/grenzgaengertour2018.de\/wp-content\/uploads\/2018\/09\/P1020483-e1536395245897-768x1367.jpg 768w, https:\/\/grenzgaengertour2018.de\/wp-content\/uploads\/2018\/09\/P1020483-e1536395245897-575x1024.jpg 575w\" sizes=\"(max-width: 169px) 100vw, 169px\" \/><\/a><p id=\"caption-attachment-878\" class=\"wp-caption-text\">Stadttor in Salzwedel<\/p><\/div>\n<div id=\"attachment_879\" style=\"width: 179px\" class=\"wp-caption aligncenter\"><a href=\"https:\/\/grenzgaengertour2018.de\/wp-content\/uploads\/2018\/09\/P1020487-e1536395393428.jpg\" target=\"_blank\" rel=\"noopener\"><img loading=\"lazy\" decoding=\"async\" aria-describedby=\"caption-attachment-879\" class=\"wp-image-879 size-medium\" src=\"https:\/\/grenzgaengertour2018.de\/wp-content\/uploads\/2018\/09\/P1020487-e1536395393428-169x300.jpg\" alt=\"\" width=\"169\" height=\"300\" srcset=\"https:\/\/grenzgaengertour2018.de\/wp-content\/uploads\/2018\/09\/P1020487-e1536395393428-169x300.jpg 169w, https:\/\/grenzgaengertour2018.de\/wp-content\/uploads\/2018\/09\/P1020487-e1536395393428-768x1367.jpg 768w, https:\/\/grenzgaengertour2018.de\/wp-content\/uploads\/2018\/09\/P1020487-e1536395393428-575x1024.jpg 575w\" sizes=\"(max-width: 169px) 100vw, 169px\" \/><\/a><p id=\"caption-attachment-879\" class=\"wp-caption-text\">Fachwerkidylle in Salzwedel<\/p><\/div>\n<div id=\"attachment_880\" style=\"width: 310px\" class=\"wp-caption aligncenter\"><a href=\"https:\/\/grenzgaengertour2018.de\/wp-content\/uploads\/2018\/09\/P1020493.jpg\" target=\"_blank\" rel=\"noopener\"><img loading=\"lazy\" decoding=\"async\" aria-describedby=\"caption-attachment-880\" class=\"wp-image-880 size-medium\" src=\"https:\/\/grenzgaengertour2018.de\/wp-content\/uploads\/2018\/09\/P1020493-300x169.jpg\" alt=\"\" width=\"300\" height=\"169\" srcset=\"https:\/\/grenzgaengertour2018.de\/wp-content\/uploads\/2018\/09\/P1020493-300x169.jpg 300w, https:\/\/grenzgaengertour2018.de\/wp-content\/uploads\/2018\/09\/P1020493-768x432.jpg 768w, https:\/\/grenzgaengertour2018.de\/wp-content\/uploads\/2018\/09\/P1020493-1024x575.jpg 1024w\" sizes=\"(max-width: 300px) 100vw, 300px\" \/><\/a><p id=\"caption-attachment-880\" class=\"wp-caption-text\">Gedenkst\u00e4tte Ritzer Br\u00fccke in der N\u00e4he von Salzwedel \/ Ritze<\/p><\/div>\n<div id=\"attachment_881\" style=\"width: 179px\" class=\"wp-caption aligncenter\"><a href=\"https:\/\/grenzgaengertour2018.de\/wp-content\/uploads\/2018\/09\/P1020494-e1536396290295.jpg\" target=\"_blank\" rel=\"noopener\"><img loading=\"lazy\" decoding=\"async\" aria-describedby=\"caption-attachment-881\" class=\"wp-image-881 size-medium\" src=\"https:\/\/grenzgaengertour2018.de\/wp-content\/uploads\/2018\/09\/P1020494-e1536396290295-169x300.jpg\" alt=\"\" width=\"169\" height=\"300\" srcset=\"https:\/\/grenzgaengertour2018.de\/wp-content\/uploads\/2018\/09\/P1020494-e1536396290295-169x300.jpg 169w, https:\/\/grenzgaengertour2018.de\/wp-content\/uploads\/2018\/09\/P1020494-e1536396290295-768x1367.jpg 768w, https:\/\/grenzgaengertour2018.de\/wp-content\/uploads\/2018\/09\/P1020494-e1536396290295-575x1024.jpg 575w\" sizes=\"(max-width: 169px) 100vw, 169px\" \/><\/a><p id=\"caption-attachment-881\" class=\"wp-caption-text\">Gedenktafel Ritzer Br\u00fccke: Mord an 244 KZ-H\u00e4ftlingen im April 1945<\/p><\/div>\n<p><a href=\"https:\/\/grenzgaengertour2018.de\/wp-content\/uploads\/2018\/09\/P1020509-e1536396886930.jpg\" target=\"_blank\" rel=\"noopener\"><img loading=\"lazy\" decoding=\"async\" class=\"aligncenter wp-image-885 size-medium\" src=\"https:\/\/grenzgaengertour2018.de\/wp-content\/uploads\/2018\/09\/P1020509-e1536396886930-169x300.jpg\" alt=\"\" width=\"169\" height=\"300\" srcset=\"https:\/\/grenzgaengertour2018.de\/wp-content\/uploads\/2018\/09\/P1020509-e1536396886930-169x300.jpg 169w, https:\/\/grenzgaengertour2018.de\/wp-content\/uploads\/2018\/09\/P1020509-e1536396886930-768x1367.jpg 768w, https:\/\/grenzgaengertour2018.de\/wp-content\/uploads\/2018\/09\/P1020509-e1536396886930-575x1024.jpg 575w\" sizes=\"(max-width: 169px) 100vw, 169px\" \/><\/a><\/p>\n<div id=\"attachment_883\" style=\"width: 310px\" class=\"wp-caption aligncenter\"><a href=\"https:\/\/grenzgaengertour2018.de\/wp-content\/uploads\/2018\/09\/P1020511.jpg\" target=\"_blank\" rel=\"noopener\"><img loading=\"lazy\" decoding=\"async\" aria-describedby=\"caption-attachment-883\" class=\"wp-image-883 size-medium\" src=\"https:\/\/grenzgaengertour2018.de\/wp-content\/uploads\/2018\/09\/P1020511-300x169.jpg\" alt=\"\" width=\"300\" height=\"169\" srcset=\"https:\/\/grenzgaengertour2018.de\/wp-content\/uploads\/2018\/09\/P1020511-300x169.jpg 300w, https:\/\/grenzgaengertour2018.de\/wp-content\/uploads\/2018\/09\/P1020511-768x432.jpg 768w, https:\/\/grenzgaengertour2018.de\/wp-content\/uploads\/2018\/09\/P1020511-1024x575.jpg 1024w\" sizes=\"(max-width: 300px) 100vw, 300px\" \/><\/a><p id=\"caption-attachment-883\" class=\"wp-caption-text\">Alt-68er im Urlaub im Wendland. Den 2 CV konnte man herrlich mit Vollgas in die Kurven fahren ohne rauszufliegen.<\/p><\/div>\n<div id=\"attachment_884\" style=\"width: 310px\" class=\"wp-caption aligncenter\"><a href=\"https:\/\/grenzgaengertour2018.de\/wp-content\/uploads\/2018\/09\/P1020514.jpg\" target=\"_blank\" rel=\"noopener\"><img loading=\"lazy\" decoding=\"async\" aria-describedby=\"caption-attachment-884\" class=\"wp-image-884 size-medium\" src=\"https:\/\/grenzgaengertour2018.de\/wp-content\/uploads\/2018\/09\/P1020514-300x169.jpg\" alt=\"\" width=\"300\" height=\"169\" srcset=\"https:\/\/grenzgaengertour2018.de\/wp-content\/uploads\/2018\/09\/P1020514-300x169.jpg 300w, https:\/\/grenzgaengertour2018.de\/wp-content\/uploads\/2018\/09\/P1020514-768x432.jpg 768w, https:\/\/grenzgaengertour2018.de\/wp-content\/uploads\/2018\/09\/P1020514-1024x575.jpg 1024w\" sizes=\"(max-width: 300px) 100vw, 300px\" \/><\/a><p id=\"caption-attachment-884\" class=\"wp-caption-text\">Obstangebot im alternativen Wendland<\/p><\/div>\n<div id=\"attachment_886\" style=\"width: 179px\" class=\"wp-caption aligncenter\"><a href=\"https:\/\/grenzgaengertour2018.de\/wp-content\/uploads\/2018\/09\/P1020517-e1536397099803.jpg\" target=\"_blank\" rel=\"noopener\"><img loading=\"lazy\" decoding=\"async\" aria-describedby=\"caption-attachment-886\" class=\"wp-image-886 size-medium\" src=\"https:\/\/grenzgaengertour2018.de\/wp-content\/uploads\/2018\/09\/P1020517-e1536397099803-169x300.jpg\" alt=\"\" width=\"169\" height=\"300\" srcset=\"https:\/\/grenzgaengertour2018.de\/wp-content\/uploads\/2018\/09\/P1020517-e1536397099803-169x300.jpg 169w, https:\/\/grenzgaengertour2018.de\/wp-content\/uploads\/2018\/09\/P1020517-e1536397099803-768x1367.jpg 768w, https:\/\/grenzgaengertour2018.de\/wp-content\/uploads\/2018\/09\/P1020517-e1536397099803-575x1024.jpg 575w\" sizes=\"(max-width: 169px) 100vw, 169px\" \/><\/a><p id=\"caption-attachment-886\" class=\"wp-caption-text\">L\u00e4ndliche Atom-Protest-Idylle<\/p><\/div>\n<div id=\"attachment_887\" style=\"width: 310px\" class=\"wp-caption aligncenter\"><a href=\"https:\/\/grenzgaengertour2018.de\/wp-content\/uploads\/2018\/09\/P1020522.jpg\" target=\"_blank\" rel=\"noopener\"><img loading=\"lazy\" decoding=\"async\" aria-describedby=\"caption-attachment-887\" class=\"wp-image-887 size-medium\" src=\"https:\/\/grenzgaengertour2018.de\/wp-content\/uploads\/2018\/09\/P1020522-300x169.jpg\" alt=\"\" width=\"300\" height=\"169\" srcset=\"https:\/\/grenzgaengertour2018.de\/wp-content\/uploads\/2018\/09\/P1020522-300x169.jpg 300w, https:\/\/grenzgaengertour2018.de\/wp-content\/uploads\/2018\/09\/P1020522-768x432.jpg 768w, https:\/\/grenzgaengertour2018.de\/wp-content\/uploads\/2018\/09\/P1020522-1024x575.jpg 1024w\" sizes=\"(max-width: 300px) 100vw, 300px\" \/><\/a><p id=\"caption-attachment-887\" class=\"wp-caption-text\">Pause im Wendland<\/p><\/div>\n<div id=\"attachment_888\" style=\"width: 310px\" class=\"wp-caption aligncenter\"><a href=\"https:\/\/grenzgaengertour2018.de\/wp-content\/uploads\/2018\/09\/P1020529.jpg\" target=\"_blank\" rel=\"noopener\"><img loading=\"lazy\" decoding=\"async\" aria-describedby=\"caption-attachment-888\" class=\"wp-image-888 size-medium\" src=\"https:\/\/grenzgaengertour2018.de\/wp-content\/uploads\/2018\/09\/P1020529-300x169.jpg\" alt=\"\" width=\"300\" height=\"169\" srcset=\"https:\/\/grenzgaengertour2018.de\/wp-content\/uploads\/2018\/09\/P1020529-300x169.jpg 300w, https:\/\/grenzgaengertour2018.de\/wp-content\/uploads\/2018\/09\/P1020529-768x432.jpg 768w, https:\/\/grenzgaengertour2018.de\/wp-content\/uploads\/2018\/09\/P1020529-1024x575.jpg 1024w\" sizes=\"(max-width: 300px) 100vw, 300px\" \/><\/a><p id=\"caption-attachment-888\" class=\"wp-caption-text\">Trutzige Wehrkirche in &#8222;Lemgow&#8220;<\/p><\/div>\n<div id=\"attachment_892\" style=\"width: 310px\" class=\"wp-caption aligncenter\"><a href=\"https:\/\/grenzgaengertour2018.de\/wp-content\/uploads\/2018\/09\/P1020551.jpg\" target=\"_blank\" rel=\"noopener\"><img loading=\"lazy\" decoding=\"async\" aria-describedby=\"caption-attachment-892\" class=\"wp-image-892 size-medium\" src=\"https:\/\/grenzgaengertour2018.de\/wp-content\/uploads\/2018\/09\/P1020551-300x169.jpg\" alt=\"\" width=\"300\" height=\"169\" srcset=\"https:\/\/grenzgaengertour2018.de\/wp-content\/uploads\/2018\/09\/P1020551-300x169.jpg 300w, https:\/\/grenzgaengertour2018.de\/wp-content\/uploads\/2018\/09\/P1020551-768x432.jpg 768w, https:\/\/grenzgaengertour2018.de\/wp-content\/uploads\/2018\/09\/P1020551-1024x575.jpg 1024w\" sizes=\"(max-width: 300px) 100vw, 300px\" \/><\/a><p id=\"caption-attachment-892\" class=\"wp-caption-text\">Domizil f\u00fcr Dors: ein umgebauter alter Bauwagen mit Bettprovisorium<\/p><\/div>\n<div id=\"attachment_893\" style=\"width: 310px\" class=\"wp-caption aligncenter\"><a href=\"https:\/\/grenzgaengertour2018.de\/wp-content\/uploads\/2018\/09\/P1020553.jpg\" target=\"_blank\" rel=\"noopener\"><img loading=\"lazy\" decoding=\"async\" aria-describedby=\"caption-attachment-893\" class=\"wp-image-893 size-medium\" src=\"https:\/\/grenzgaengertour2018.de\/wp-content\/uploads\/2018\/09\/P1020553-300x169.jpg\" alt=\"\" width=\"300\" height=\"169\" srcset=\"https:\/\/grenzgaengertour2018.de\/wp-content\/uploads\/2018\/09\/P1020553-300x169.jpg 300w, https:\/\/grenzgaengertour2018.de\/wp-content\/uploads\/2018\/09\/P1020553-768x432.jpg 768w, https:\/\/grenzgaengertour2018.de\/wp-content\/uploads\/2018\/09\/P1020553-1024x575.jpg 1024w\" sizes=\"(max-width: 300px) 100vw, 300px\" \/><\/a><p id=\"caption-attachment-893\" class=\"wp-caption-text\">Schwedische Lile Villa von Traudi und J\u00fcrgen Starck<\/p><\/div>\n<div id=\"attachment_894\" style=\"width: 310px\" class=\"wp-caption aligncenter\"><a href=\"https:\/\/grenzgaengertour2018.de\/wp-content\/uploads\/2018\/09\/P1020561.jpg\" target=\"_blank\" rel=\"noopener\"><img loading=\"lazy\" decoding=\"async\" aria-describedby=\"caption-attachment-894\" class=\"wp-image-894 size-medium\" src=\"https:\/\/grenzgaengertour2018.de\/wp-content\/uploads\/2018\/09\/P1020561-300x169.jpg\" alt=\"\" width=\"300\" height=\"169\" srcset=\"https:\/\/grenzgaengertour2018.de\/wp-content\/uploads\/2018\/09\/P1020561-300x169.jpg 300w, https:\/\/grenzgaengertour2018.de\/wp-content\/uploads\/2018\/09\/P1020561-768x432.jpg 768w, https:\/\/grenzgaengertour2018.de\/wp-content\/uploads\/2018\/09\/P1020561-1024x575.jpg 1024w\" sizes=\"(max-width: 300px) 100vw, 300px\" \/><\/a><p id=\"caption-attachment-894\" class=\"wp-caption-text\">Dors und J\u00fcrgen an der Infoh\u00fctte Klocksberg<\/p><\/div>\n<div id=\"attachment_895\" style=\"width: 310px\" class=\"wp-caption aligncenter\"><a href=\"https:\/\/grenzgaengertour2018.de\/wp-content\/uploads\/2018\/09\/P1020570.jpg\" target=\"_blank\" rel=\"noopener\"><img loading=\"lazy\" decoding=\"async\" aria-describedby=\"caption-attachment-895\" class=\"wp-image-895 size-medium\" src=\"https:\/\/grenzgaengertour2018.de\/wp-content\/uploads\/2018\/09\/P1020570-300x169.jpg\" alt=\"\" width=\"300\" height=\"169\" srcset=\"https:\/\/grenzgaengertour2018.de\/wp-content\/uploads\/2018\/09\/P1020570-300x169.jpg 300w, https:\/\/grenzgaengertour2018.de\/wp-content\/uploads\/2018\/09\/P1020570-768x432.jpg 768w, https:\/\/grenzgaengertour2018.de\/wp-content\/uploads\/2018\/09\/P1020570-1024x575.jpg 1024w\" sizes=\"(max-width: 300px) 100vw, 300px\" \/><\/a><p id=\"caption-attachment-895\" class=\"wp-caption-text\">mit J\u00fcrgen Starck an seinem &#8222;Lieblingsplatz&#8220; zum Erkl\u00e4ren der deutsch-deutschen Geschichte<\/p><\/div>\n<div id=\"attachment_896\" style=\"width: 179px\" class=\"wp-caption aligncenter\"><a href=\"https:\/\/grenzgaengertour2018.de\/wp-content\/uploads\/2018\/09\/P1020581-e1536398526849.jpg\" target=\"_blank\" rel=\"noopener\"><img loading=\"lazy\" decoding=\"async\" aria-describedby=\"caption-attachment-896\" class=\"wp-image-896 size-medium\" src=\"https:\/\/grenzgaengertour2018.de\/wp-content\/uploads\/2018\/09\/P1020581-e1536398526849-169x300.jpg\" alt=\"\" width=\"169\" height=\"300\" srcset=\"https:\/\/grenzgaengertour2018.de\/wp-content\/uploads\/2018\/09\/P1020581-e1536398526849-169x300.jpg 169w, https:\/\/grenzgaengertour2018.de\/wp-content\/uploads\/2018\/09\/P1020581-e1536398526849-768x1367.jpg 768w, https:\/\/grenzgaengertour2018.de\/wp-content\/uploads\/2018\/09\/P1020581-e1536398526849-575x1024.jpg 575w\" sizes=\"(max-width: 169px) 100vw, 169px\" \/><\/a><p id=\"caption-attachment-896\" class=\"wp-caption-text\">J\u00fcrgen Starck bei seiner ph\u00e4nom\u00e4nalen Geschichtsstunde<\/p><\/div>\n<div id=\"attachment_897\" style=\"width: 179px\" class=\"wp-caption aligncenter\"><a href=\"https:\/\/grenzgaengertour2018.de\/wp-content\/uploads\/2018\/09\/P1020590-e1536398665288.jpg\" target=\"_blank\" rel=\"noopener\"><img loading=\"lazy\" decoding=\"async\" aria-describedby=\"caption-attachment-897\" class=\"wp-image-897 size-medium\" src=\"https:\/\/grenzgaengertour2018.de\/wp-content\/uploads\/2018\/09\/P1020590-e1536398665288-169x300.jpg\" alt=\"\" width=\"169\" height=\"300\" srcset=\"https:\/\/grenzgaengertour2018.de\/wp-content\/uploads\/2018\/09\/P1020590-e1536398665288-169x300.jpg 169w, https:\/\/grenzgaengertour2018.de\/wp-content\/uploads\/2018\/09\/P1020590-e1536398665288-768x1367.jpg 768w, https:\/\/grenzgaengertour2018.de\/wp-content\/uploads\/2018\/09\/P1020590-e1536398665288-575x1024.jpg 575w\" sizes=\"(max-width: 169px) 100vw, 169px\" \/><\/a><p id=\"caption-attachment-897\" class=\"wp-caption-text\">So kauft man heute frische Bio-Vollmilch vom Bauern: am Automaten!<\/p><\/div>\n<p><strong>Tag 37 (23.08.18): Von Salzwedel nach Binde\/Arendsee<br \/>\n<\/strong><\/p>\n<p>Km: 1193 &#8211; 1231<\/p>\n<p>Morgens nach dem Fr\u00fchst\u00fcck muss ich erst nochmal eine dreiviertel Stunde meine Tagebucheintragungen vervollst\u00e4ndigen. Dors wartet schon vor dem Haus. Von einer Angestellten erhalten wir den Tipp, es in einem Hotel in Gorleben mit der n\u00e4chsten \u00dcbernachtung zu versuchen. Wir haben allerdings das Ziel, heute Abend in Binde bei J\u00fcrgen Starck, einem BUND-Aktivisten, zu \u00fcbernachten. Wir fahren zun\u00e4chst auf einer kleinen, ehemaligen Landstra\u00dfe (einer sch\u00f6nen Allee mit altem Baumbestand) in die Hansestadt, die wenige Kilometer von der ehemaligen Grenze in Sachsen-Anhalt liegt.<\/p>\n<p>Ich brauche einen Friseur: Der Bart muss gestutzt werden. Das letzte Mal geschah dies in Heiligenstadt vor mehr als zwei Wochen. Dors will bei seinem Fahrrad das letzte Firmware-Update von Bosch aufspielen lassen, vergeblich. Auf dem Weg zum Friseur komme ich an der \u201eVolksstimme\u201c vorbei, \u00fcberlege kurz und schon frage ich nach einem Redakteur, der ja einen kurzen Bildbericht \u00fcber unsere Reise in die Lokalzeitung bringen k\u00f6nnte. Es klappt, ein junger Mann kommt. Es stellt sich heraus, dass er sein erstes Bundesligaspiel auf der Alm bei Arminia in Bielefeld gesehen hat, den 5:0 Pokal-Sieg Arminias gegen Lok Stendal am vergangenen Sonntag ebenfalls. Mal abwarten, ob der Fotobericht tats\u00e4chlich ver\u00f6ffentlicht wird.<\/p>\n<p>Wir entscheiden uns, heute zun\u00e4chst ins Wendland, also in den Westen zu fahren, bevor wir nach Binde zu J\u00fcrgen und Traudi Starck fahren, zu denen ich, vermittelt durch das <span style=\"color: #0000ff;\"><a style=\"color: #0000ff;\" href=\"https:\/\/www.bund.net\/gruenes-band\/gruenes-band-europa\/\">Gr\u00fcne-Band-Projektb\u00fcro in N\u00fcrnberg<\/a><\/span> schon vorher per Mail Kontakt hatte. Auf unserer Tour zu Dietrich Sch\u00fctze in Tettau am Tag drei haben wir bewusst, aber schweren Herzens auf den Besuch der KZ-Gedenkst\u00e4tte Laura in der N\u00e4he von Probstzella aus Zeitgr\u00fcnden verzichtet, was sich im Verlauf des Tages und den Problemen mit den Akkus als richtig herausgestellt hatte. Jetzt machen wir aber einen kleinen Umweg und verlassen Salzwedel in Richtung Ritze. Direkt an einer Br\u00fccke gelegen, besuchen wir die <span style=\"color: #0000ff;\"><a style=\"color: #0000ff;\" href=\"https:\/\/de.wikipedia.org\/w\/index.php?title=KZ_Salzwedel&amp;oldid=182425879\">Gedenkst\u00e4tte<\/a> <\/span>f\u00fcr 244 im Jahr 1945 auf einem Todesmarsch umgekommene KZ-H\u00e4ftlinge, die dort in einem Gemeinschaftsgrab bestattet sind.<\/p>\n<p>Ich erinnere mich an meine eigenen Forschungen zum Ende der Weimarer Republik und zur Geschichte des 3. Reichs, z. B. die Dissertation zu \u201e<span style=\"color: #0000ff;\"><a style=\"color: #0000ff;\" href=\"https:\/\/www.zvab.com\/9783884431429\/Widerstand-Verfolgung-Darmstadt-Provinz-Starkenburg-3884431420\/plp\">Widerstand und Verfolgung in Darmstadt und der Provinz Starkenburg\u201c<\/a><\/span>, die 1985 nach langen Auseinandersetzungen von der Hessischen Historischen Kommission ver\u00f6ffentlicht und in Darmstadt\/Marburg erschienen ist, auch an die Besuche im ehemaligen KZ Buchenwald, das 1938 nach dem November-Pogrom errichtet wurde. In der zweiten H\u00e4lfte der 70er Jahre war die Aufarbeitung der NS-Diktatur, des Faschismus in der DDR f\u00fcr mich vorbildlich im Gegensatz zum langen Verschweigen, dem Reduzieren auf den milit\u00e4rischen Widerstand des 20. Juli 1944 in der alten Bundesrepublik. Angesichts der rechtsextremistischen Entwicklung in den neuen Bundesl\u00e4ndern in den 90er Jahren frage ich mich allerdings, ob es dem staatlich verordneten Antifaschismus der DDR wirklich gelungen ist, in die K\u00f6pfe und Herzen der vor allem jungen Menschen durchzudringen. Damit sollen die Absichten zur Aufarbeitung der deutschen Geschichte, auch als Verm\u00e4chtnis des Potsdamer Abkommens, prinzipiell nicht in Frage gestellt werden, aber vielleicht wurde auch in Teilen der DDR-Jugend die Teilnahme an solchen Gedenktagen etc. als Zwang angesehen und f\u00fchrte so eher zum Gegenteil.<\/p>\n<p>Wir fahren ins nieders\u00e4chsische <span style=\"color: #0000ff;\">Wendland<\/span>. Dors berichtet von seiner Teilnahme an Protesten gegen die Lagerung des Atomm\u00fclls in Gorleben Ende der 70er bzw. Anfang der 80er Jahre. In <span style=\"color: #0000ff;\"><a style=\"color: #0000ff;\" href=\"https:\/\/de.wikipedia.org\/wiki\/Volzendorf\">Volzendorf<\/a><\/span> fahren wir die Dorfstra\u00dfe entlang. Uns fallen die gelben, \u00fcberkreuzten Bretter auf, die sich an den H\u00e4usern, an Scheunen oder an Gartenz\u00e4unen befinden. Also doch, der Widerstand ist noch sichtbar, obwohl die gelbe Farbe manchmal schon sehr verblasst erscheint. An einem gro\u00dfen Bauernhof, vermutlich bewohnt von einer Kommune, halten wir an und versorgen uns mit \u00c4pfeln, die in der Hofeinfahrt gegen eine Spende ausliegen. Ein alter VW-Bulli mit Berliner Kennzeichen erinnert daran, dass wohl noch vor der Wendezeit viele Berliner Alternative ins Wendland gekommen sind, um gegen die Atomindustrie aktiv zu werden.<\/p>\n<p>Ich erinnere mich, wie ich bei den letzten <a href=\"https:\/\/www.planet-wissen.de\/technik\/atomkraft\/atommuell\/pwiecastoreinumstrittenerbehaelter100.html\"><span style=\"color: #0000ff;\">Castortransporten<\/span><\/a> vor einigen Jahren kurzfristig \u00fcberlegt habe, dem Beispiel meines Sohnes Christian zu folgen und auch die Gleise zu blockieren. Ich muss mir eingestehen, dass die dr\u00e4ngenden Umweltfragen erst in den letzten Jahren wirklich in mein politisches Bewusstsein gelangt sind und ich bereit bin, in dieser Richtung aktiv zu werden. Meine Schwerpunkte waren bzw. sind eher soziale Fragen oder auch die Besch\u00e4ftigung mit der Geschichte, der geschichtlichen Aufarbeitung des Endes der Weimarer Republik, der Nazi-Diktatur, insbesondere des Holocaust, wenn ich an das multimediale Geschichtsprojekt &#8222;<span style=\"color: #0000ff;\"><a style=\"color: #0000ff;\" href=\"https:\/\/zweiseitendergeschichte.de\/\">Zwei Seiten der Geschichte&#8220;<\/a> <\/span>des Vereins Br\u00fccken Bauen &#8211; Verein zur F\u00f6rderung von interkultureller Verst\u00e4ndigung (Herford) \u00fcber die beiden Holocaust-\u00dcberlebenden Wilma und Georg Iggers denke.<\/p>\n<p>Wir wollen nach <span style=\"color: #0000ff;\">Lemgow,<\/span> sind aber etwas irritiert, weil auf der Navi-Karte zwar unser Ziel steht, aber nirgends finden wir, dort angekommen, das erwartete Ortsschild. Wir fahren \u00fcber Pred\u00f6hl und Trabuhn nach Schweskau. \u201eGibt es bei euch hier im Dorf eine Kneipe oder einen Supermarkt?\u201c frage ich zwei M\u00e4nner mittleren Alters, die gerade eine Wand streichen. Bald wird geheiratet, da soll die Fassade sch\u00f6n aussehen. \u201eNee, ein Gasthaus gibt es heute nicht mehr, fr\u00fcher ja, aber wenn ihr einen Kaffee wollt, k\u00f6nnt ihr zu Frau A. gehen, da vorne erste Stra\u00dfe links und dann gleich rechts.\u201c Ok. Wir werden von einem kl\u00e4ffenden Hund erwartet. Kein Problem. Hunde, die bellen, bei\u00dfen nicht. Au\u00dferdem kommt Frauchen, Frau A., auch schon aus dem Haus und be\u00e4ugt uns erstmal kritisch. Ja, doch, einen Kaffee k\u00f6nnten wir kriegen, aber sonst gibt es nichts.<\/p>\n<p>Dors holt mit dem Fahrrad Kuchen, nat\u00fcrlich eingepackten, aus dem Dorf-Supermarkt, der auch schon bessere Zeiten gesehen hat. Ich versuche mich mit dem Hund anzufreunden, was mir aber auch nicht so richtig gelingt. Erst als Frau A. mit der Kanne Filterkaffee kommt, wird er etwas ruhiger. Ist halt genau wie Frauchen und wir selbst sind auch schon etwas in die Jahre gekommen. Wir erfahren von unserer Gastgeberin, dass es Lemgow als Ort gar nicht gibt, sondern dass 12 D\u00f6rfer im Wendland unter diesem Namen zusammengeschlossen sind. Sie ist auch ein Fl\u00fcchtling aus dem Osten, allerdings schon seit den fr\u00fchen 50er Jahren und war lange hier in Schweskau verheiratet. Ihr Mann und sie hatten eine gut gehende Wirtschaft, die sie aber vor mehreren Jahren aufgegeben haben.<\/p>\n<p>Sie berichtet auch von ihrem Mann, der bei der Bundeswehr gearbeitet habe, auf einem gro\u00dfen <span style=\"color: #0000ff;\"><a style=\"color: #0000ff;\" href=\"https:\/\/de.wikipedia.org\/wiki\/Aufkl%C3%A4rungsturm_%28Bundeswehr%29\">Fernmeldeturm<\/a><\/span>, der von der Bundeswehr als Aufkl\u00e4rungsturm betrieben wurde und heute noch sichtbar ist im Wendland. Sie haben dort den Osten abgeh\u00f6rt. Von der Protestbewegung gegen das Atomlager in Gorleben h\u00e4lt sie nicht viel, besonders nicht von den jungen Frauen, die damals mit ihren kleinen Kindern voran marschiert sind &#8230;Wir machen ein Erinnerungsfotos und verabschieden uns herzlich. Ich glaube, Frau A. hat sich gefreut, sich mit anderen, ihr sympathischen Menschen einmal \u00fcber ihr Leben zu unterhalten. Mit den Einheimischen w\u00e4re das so als Zugereiste manchmal immer noch etwas schwierig. Und, ach ja, unser Ziel Binde kennt sie auch. Sie f\u00e4hrt immer \u00fcber die Grenze dorthin zum Friseur.<\/p>\n<p>Dors entdeckt pl\u00f6tzlich einen <span style=\"color: #0000ff;\"><a style=\"color: #0000ff;\" href=\"https:\/\/www.nabu.de\/imperia\/md\/nabu\/images\/arten\/tiere\/voegel\/pirol\/150324-nabu-pirol-hans-pollin.jpeg\">Pirol.<\/a><\/span> Dieser gelb-schwarze Vogel ist wohl mittlerweile eine Seltenheit und vom Aussterben bedroht. \u00a0Er zeigt ihn mir und ich merke, wie einseitig doch meine Bildung ist. Ein Gl\u00fcck, dass Dors mich begleitet. Was h\u00e4tte er nicht noch alles auf dieser Reise am Gr\u00fcnen Band entdeckt, an dem ich einfach unwissend, mich konzentrierend auf Geschichte, Politik und Menschen, vorbeigefahren bin?<\/p>\n<p>Kurz nach der ehemaligen Grenze hat es mich bzw. besser gesagt mein Fahrrad in der Altmark erwischt: die gesamte Belastung, die Feldwege, die Schotter-, Wurzel- und Ger\u00f6llstrecken auf den mehr als 1.200 Kilometern bisher hat der Gep\u00e4cktr\u00e4ger, auf dem ca. 25 kg lasten, nicht l\u00e4nger ausgehalten. Auf der linken Seite ist die Schraube, die den Gep\u00e4cktr\u00e4ger mit dem Rahmen verbindet, abgebrochen. Er h\u00e4ngt auf \u201ahalb sieben\u2018, an Weiterfahren \u00fcber den holprigen Feldweg ist nicht zu denken. Ein Gl\u00fcck, dass Dors mich begleitet. Er hat f\u00fcr solche technische Probleme immer eine L\u00f6sung. W\u00e4hrend ich dilettantisch mit einem meiner elastischen Gep\u00e4ckgurte versuche, die Verlagerung auf die rechte Seite zu bewerkstelligen, holt er kurz entschlossen seine Kabelbinder raus und mit vieren davon wird der abgebrochene Gep\u00e4cktr\u00e4ger notd\u00fcrftig befestigt. Wir fahren auf Eiern und sehr vorsichtig die letzten Kilometer nach <span style=\"color: #0000ff;\"><a style=\"color: #0000ff;\" href=\"https:\/\/de.wikipedia.org\/wiki\/Binde_(Arendsee)\">Binde,<\/a><\/span> einem Ortsteil von Arendsee,\u00a0 zu Familie Starck. Zum Gl\u00fcck wei\u00df ich, dass der Sohn eine Fahrradwerkstatt hat &#8230;<\/p>\n<p>Wir werden von J\u00fcrgen Starck und seiner Frau Traudi herzlich begr\u00fc\u00dft. Doch zun\u00e4chst gilt mein Interesse mehr ihrem Sohn Christian, der eine alternative <span style=\"color: #0000ff;\"><a style=\"color: #0000ff;\" href=\"https:\/\/www.radkultur-starck.de\/\">Fahrradwerkstatt<\/a> <\/span>betreibt, als gelernter Fahrradmechaniker ist er auf die individuelle Herstellung von Fahrr\u00e4dern spezialisiert, nur am Rande verdient er sein Brot auch mit Reparaturen und dem Verleihen von Fahrr\u00e4dern. Eigentlich hat er etwas anderes vor, aber er erkennt unsere, meine Notlage. Nach einer guten Stunde habe ich mein mittlerweile sehr gesch\u00e4tztes E-Bike wieder: Schraube herausgebohrt, neues Gewinde, Gep\u00e4cktr\u00e4ger wieder richtig angebaut, das gleiche Prozedere f\u00fcr das vorherige Problem plus ein neuer Fahrradst\u00e4nder, Kette ge\u00f6lt, Gangschaltung eingestellt &#8230; Ich bin ihm sehr dankbar und hoffe, dass ich ohne weiteren Reparaturen bis zur Ostsee komme.<\/p>\n<p>J\u00fcrgen und Traudi &#8211; angesichts der Vielfalt ihrer umwelt-politischen Aktivit\u00e4ten ist es zu schwierig, sie mit einem Wort zu charakterisieren &#8211; betreiben den <span style=\"color: #0000ff;\"><a style=\"color: #0000ff;\" href=\"https:\/\/www.bund.net\/fileadmin\/user_upload_bund\/publikationen\/gruenes_band\/gruenes_band_haselnusshof_binde.pdf\">Haselnusshof.<\/a><\/span>\u00a0 Ein sehr liebevoll, \u00f6kologisch und vielleicht auch anthroposophisch angelegter Garten begeistern Dors und mich. Es ist zwar trocken, aber die vielen Obstb\u00e4ume etc. sprechen f\u00fcr sich. Ich bin etwas voreilig und brutal und angele mir die \u201eLille Villa\u201c, ein schwedisches Holzh\u00e4uschen mit Bett, M\u00fcckenschutz, Kommode, Teppichen und einer kleinen Veranda, auf der sich ein Sofa, ein Tisch und ein paar Rohrsessel befinden. Dors hat als Alternative einen alten Bauwagen in 20 Meter Entfernung bekommen, der innen mit einem provisorischen Bett ausgestattet ist. Am meisten begeistert uns aber die Dusche, die wir nach diesem Tag so richtig genie\u00dfen. Ein Holzviereck mit ausgelegten Brettern zum Draufstehen, eine Dusche, die gespeist wird durch Wasser, das von einem Solarpanel, das sich au\u00dfen befindet, aufgew\u00e4rmt ist. Die anschlie\u00dfende Dusche ist herrlich, fast so wie fr\u00fcher im Atlantik auf dem Zeltplatz von Le Gurp, nahe der Gironde. Die Toilette k\u00f6nnen wir im Haus benutzen, aber ich entscheide mich f\u00fcr die harte, \u00f6kologische Variante: das Plumpsklo mit S\u00e4gesp\u00e4nen.<\/p>\n<p>Nachdem das Fahrrad repariert ist und Dors und ich uns frisch gemacht haben, erz\u00e4hlt uns J\u00fcrgen Starck sehr ausf\u00fchrlich seine Lebensgeschichte und seine umweltpolitischen Aktivit\u00e4ten in der DDR und BRD. Geboren 1950 im brandenburgischen <span style=\"color: #0000ff;\"><a style=\"color: #0000ff;\" href=\"https:\/\/de.wikipedia.org\/wiki\/Freyenstein\">Freyenstein<\/a><\/span> im Kreis Wittstock in der N\u00e4he von Potsdam, ist er haupts\u00e4chlich aktiv in den 80er Jahren in der DDR-Umwelt\u2011 und Friedensbewegung in den Jahren vor der politischen Wende 1989. Man merkt ihm auch an, dass er stolz auf seine handwerklichen F\u00e4higkeiten ist, auf seine Ausbildung und Berufserfahrung als Fernmeldetechniker, die er zu DDR-Zeiten zu nutzen wusste. Er berichtet von einem Vater und der pers\u00f6nlichen und politischen Pr\u00e4gung durch ihn, der aufgrund seiner Zeit in der Kriegsgefangenschaft ein Pazifist geworden ist. \u201eZur Fahne\u201c musste er trotzdem in der DDR. In der 2. H\u00e4lfte der 90er Jahre sind Traudi, ihr gemeinsamer Sohn Christian und er ins Wendland gekommen, bevor sie dann 2004 sich wieder im Osten, in Binde, einem Ortsteil von Arendsee, angesiedelt und den Bauernhof renoviert und modernisiert haben. Dazwischen lagen immer l\u00e4ngere Aufenthalte in Schweden, wo beide auf \u00f6kologischen H\u00f6fen gearbeitet haben. Es ist spannend, ihm zuzuh\u00f6ren. Ein Querdenker, der sich im Interesse der Umwelt auch schon mit dem \u00f6rtlichen B\u00fcrgermeister angelegt hat, als es um die Erweiterung einer gro\u00dfen Schweinemastanlage ging.<\/p>\n<p>Nach einem sehr schmackhaften Essen, von Traudi und J\u00fcrgen zubereitet, mit allem, \u201ewas der Garten so hergibt\u201c, fragen wir J\u00fcrgen, ob er mit uns an die ehemalige Grenze, das Gr\u00fcne Band, fahren kann. Es ist schon sp\u00e4t, fast acht Uhr abends. Am n\u00e4chsten Tag hat er wegen anderer Verpflichtungen keine Zeit. Mit dem Fahrrad schaffen wir das nicht mehr, also l\u00e4dt er uns in seinen VW-Polo ein. Stolz erz\u00e4hlt er uns, dass wir hier die Fenster noch mit der Hand selber hoch\u2011 und runterkurbeln k\u00f6nnen &#8230; Wir fahren durch Arendsee und ungef\u00e4hr 500 Meter nach der Badeanstalt biegen wir halblinks in einen Waldweg ein, der uns zu seinem \u201aLieblingsort\u2018 bringt, wenn es um die Erkl\u00e4rung des Gr\u00fcnen Bandes, der ehemaligen deutsch-deutschen Grenze und der Geschichte von Ost und West geht, zum historischen Grenzpunkt <span style=\"color: #0000ff;\"><a style=\"color: #0000ff;\" href=\"https:\/\/www.outdooractive.com\/de\/wanderung\/altmark\/von-arendsee-wanderung-in-die-wirlspitze\/100688178\/\">Klocksberg\/Wirlspitze.<\/a> <\/span>J\u00fcrgen h\u00e4lt das Auto an, wir steigen aus und gehen auf einen ca. 100 m breiten, nur mit geringem Pflanzenwuchs versehenen Streifen, man k\u00f6nnte sagen eine gr\u00f6\u00dfere Waldschneise, die im rechten Winkel die Nachbildung des tats\u00e4chlichen Grenzverlaufs sehr gut veranschaulicht.<\/p>\n<p>Unser BUND-Vertreter erteilt uns in der aufkommenden D\u00e4mmerung eine Geschichtsstunde allererster G\u00fcte. Er zieht mit den F\u00fc\u00dfen eine Linie zwischen den Grenzpfosten aus Beton, holt seine selbst gebastelten F\u00e4hnchen heraus (UdSSR, USA, Frankreich, UK sowie die der beiden deutschen Staaten). Dann erkl\u00e4rt er auf einfache, aber sehr eindr\u00fcckliche Weise mit Hilfe der F\u00e4hnchen die deutsch-deutsche Geschichte vom Ende des 2. Weltkrieges 1945 bis hin zum Jahr 1990. Ich beobachte ihn &#8211; nur staunend, als ehemaliger Politiklehrer, der dieses Fach mehr als drei Jahrzehnte unterrichtet hat, nur bewundernd,- wie er die Gr\u00fcndung der BRD im Mai 1949, die der DDR im Oktober 1949, Mauerbau, Grenzgestaltung etc. plastisch und einpr\u00e4gsam veranschaulicht. Es gef\u00e4llt mir auch, dass er sehr differenziert an die tats\u00e4chlichen Verh\u00e4ltnisse an der Staatsgrenze West bzw. der Zonengrenze vom Westen aus gesehen beschreibt und beurteilt.<\/p>\n<p>Wir sprechen auch \u00fcber die Aufkl\u00e4rungs\u2011, man k\u00f6nnte auch Spionageaktivit\u00e4ten auf beiden Seiten sagen. Die Rolle der DDR-Fernaufkl\u00e4rer, die bis auf einen Schritt ihren bundesdeutschen Kollegen vom Bundesgrenzschutz gegen\u00fcber treten durften, welch eine absurde, heute nicht mehr vorstellbare, aber doch reale Situation. Wir erinnern uns an das Gespr\u00e4ch mit Frau A. aus Lemgow, die von der Bundeswehrt\u00e4tigkeit ihres Mannes auf dem Abh\u00f6rturm im Wendland berichtete. Sp\u00e4ter stellt uns J\u00fcrgen Starck noch den Link zu der Webseite eines bundesrepublikanischen Experten, der \u00fcber die Geschichte, Struktur und Aktivit\u00e4ten der Fernaufkl\u00e4rung der Bundeswehr und des BGS eine Dokumentation erstellt hat. <span style=\"color: #0000ff;\"><a style=\"color: #0000ff;\" href=\"http:\/\/www.manfred-bischoff.de\">Manfred \u00a0Bischoff<\/a><\/span> war selbst von 1977 bis 1993 Fernmeldeaufkl\u00e4rer auf dem Thurauer Berg und lauschte in den Osten.<\/p>\n<p>Es ist wohltuend, mit einem historisch interessierten, politisch aktiven Zeitzeugen der deutschen Teilung und Wiedervereinigung in solch einer differenzierten Art und Weise diskutieren zu k\u00f6nnen. Ich denke, dass dazu nicht nur die bei Fluchtversuchen aus der DDR Get\u00f6teten und Schwerverletzten geh\u00f6ren, sondern auch die, wenn auch in viel geringerer Anzahl, von vom Westen aus erschossenen und verletzten DDR-Grenzsoldaten ins Bewusstsein ger\u00fcckt werden sollten. Die erst k\u00fcrzlich ausgestrahlte <span style=\"color: #0000ff;\"><a style=\"color: #0000ff;\" href=\"https:\/\/www.zdf.de\/filme\/tannbach\">ZDF-Fernsehfilmserie \u201eTannbach\u201c<\/a><\/span> scheint diese Ans\u00e4tze einer differenzierten Betrachtung der Lage und Aktivit\u00e4ten dies und jenseits der deutsch-deutschen Grenze aufzunehmen.<\/p>\n<p>Nat\u00fcrlich hofft J\u00fcrgen als begeisterter Umweltsch\u00fctzer, dass der nur noch sehr selten vorkommende <span style=\"color: #0000ff;\"><a style=\"color: #0000ff;\" href=\"https:\/\/de.wikipedia.org\/wiki\/Ziegenmelker_(Art)\">Ziegenmelker\u00a0<\/a><\/span>sich vielleicht heute Abend noch akustisch bemerkbar macht. Er ist sich nicht sicher, als er entsprechende Laute dieses seltenen Vogels h\u00f6rt, ob es ein Jungtier ist oder nicht. Dors \u00e4u\u00dfert sich dazu auch gleich fachm\u00e4nnisch. Ich bleibe lieber stumm. Von Ornithologie habe ich keine Ahnung. Durch die Nacht fahren wir noch ins Wendland zu einem \u00f6kologischen Bauernhof, auf dessen Hof sich ein Milch-Automat, teilweise finanziert von der EU, befindet. 6 Liter frische Biomilch f\u00fcr 6 Euro. Wie hat sich das Leben in den letzten sechs Jahrzehnten ver\u00e4ndert!? Fr\u00fcher in R\u00f6hrig auf dem Eichsfeld habe ich in einer Kanne immer die Milch vom Bauern geholt und war ganz stolz, wenn beim Schleudern \u00fcber dem Kopf keine Milch ausgelaufen war.<\/p>\n<p>Nachts um drei wache ich auf. Es f\u00e4ngt an zu regnen. Ich genie\u00dfe die Regentropfen auf meiner Haut. Ich stelle schnell mein Fahrrad in den Schuppen, kann aber lange nicht mehr einschlafen. Der Haselnusshof, seine Bewohner und deren Geschichte wollen mir nicht aus dem Kopf gehen &#8230;<\/p>\n<p><strong>\u00a0<\/strong><\/p>\n","protected":false},"excerpt":{"rendered":"<p>Tag 37 (23.08.18): Von Salzwedel nach Binde\/Arendsee Km: 1193 &#8211; 1231 Morgens nach dem Fr\u00fchst\u00fcck muss ich erst nochmal eine dreiviertel Stunde meine Tagebucheintragungen vervollst\u00e4ndigen. Dors wartet schon vor dem Haus. Von einer Angestellten erhalten wir den Tipp, es in einem Hotel in Gorleben mit der n\u00e4chsten \u00dcbernachtung zu versuchen. Wir haben allerdings das Ziel, heute Abend in Binde bei<\/p>\n","protected":false},"author":2,"featured_media":0,"comment_status":"closed","ping_status":"closed","sticky":false,"template":"","format":"standard","meta":{"_exactmetrics_skip_tracking":false,"_exactmetrics_sitenote_active":false,"_exactmetrics_sitenote_note":"","_exactmetrics_sitenote_category":0,"footnotes":""},"categories":[1],"tags":[],"_links":{"self":[{"href":"https:\/\/grenzgaengertour2018.de\/index.php?rest_route=\/wp\/v2\/posts\/871"}],"collection":[{"href":"https:\/\/grenzgaengertour2018.de\/index.php?rest_route=\/wp\/v2\/posts"}],"about":[{"href":"https:\/\/grenzgaengertour2018.de\/index.php?rest_route=\/wp\/v2\/types\/post"}],"author":[{"embeddable":true,"href":"https:\/\/grenzgaengertour2018.de\/index.php?rest_route=\/wp\/v2\/users\/2"}],"replies":[{"embeddable":true,"href":"https:\/\/grenzgaengertour2018.de\/index.php?rest_route=%2Fwp%2Fv2%2Fcomments&post=871"}],"version-history":[{"count":10,"href":"https:\/\/grenzgaengertour2018.de\/index.php?rest_route=\/wp\/v2\/posts\/871\/revisions"}],"predecessor-version":[{"id":1593,"href":"https:\/\/grenzgaengertour2018.de\/index.php?rest_route=\/wp\/v2\/posts\/871\/revisions\/1593"}],"wp:attachment":[{"href":"https:\/\/grenzgaengertour2018.de\/index.php?rest_route=%2Fwp%2Fv2%2Fmedia&parent=871"}],"wp:term":[{"taxonomy":"category","embeddable":true,"href":"https:\/\/grenzgaengertour2018.de\/index.php?rest_route=%2Fwp%2Fv2%2Fcategories&post=871"},{"taxonomy":"post_tag","embeddable":true,"href":"https:\/\/grenzgaengertour2018.de\/index.php?rest_route=%2Fwp%2Fv2%2Ftags&post=871"}],"curies":[{"name":"wp","href":"https:\/\/api.w.org\/{rel}","templated":true}]}}